{"id":10008,"date":"2020-08-29T20:54:00","date_gmt":"2020-08-29T20:54:00","guid":{"rendered":"https:\/\/arroyitoonline.com.ar\/?p=10008"},"modified":"2020-09-01T21:04:12","modified_gmt":"2020-09-01T21:04:12","slug":"finalizo-la-semana-del-arbol","status":"publish","type":"post","link":"https:\/\/arroyitoonline.com.ar\/?p=10008","title":{"rendered":"Finaliz\u00f3 la Semana del \u00c1rbol"},"content":{"rendered":"\n<p><strong>Tuvo como objetivo que se revalorice la funci\u00f3n y el aporte del arbolado en la comunidad y en la vida cotidiana de cada vecino.<\/strong><\/p>\n\n\n\n<p>En el video a continuaci\u00f3n, la asesora de Ambiente y Energ\u00eda, Lelia Imhof, y la secretaria de Educaci\u00f3n y Cultura, Ver\u00f3nica Maritano, hacen referencia al\u00a0<strong>legado de nuestros antepasados sobre el d\u00eda del \u00e1rbol<\/strong> y a la\u00a0<strong>labor de los docentes en las instituciones educativas<\/strong>; adem\u00e1s, <strong>agradecen el aporte de la organizaci\u00f3n Actitud ECO<\/strong>, en la Semana del \u00c1rbol.<\/p>\n\n\n\n<figure class=\"wp-block-embed-youtube wp-block-embed is-type-video is-provider-youtube wp-embed-aspect-16-9 wp-has-aspect-ratio\"><div class=\"wp-block-embed__wrapper\">\n<div class=\"epyt-video-wrapper\"><iframe loading=\"lazy\"  style=\"display: block; margin: 0px auto;\"  id=\"_ytid_24078\"  width=\"1140\" height=\"641\"  data-origwidth=\"1140\" data-origheight=\"641\" src=\"https:\/\/www.youtube.com\/embed\/pWCzTVe6KC4?enablejsapi=1&#038;autoplay=0&#038;cc_load_policy=1&#038;cc_lang_pref=&#038;iv_load_policy=3&#038;loop=0&#038;rel=1&#038;fs=1&#038;playsinline=0&#038;autohide=2&#038;theme=dark&#038;color=red&#038;controls=1&#038;disablekb=0&#038;\" class=\"__youtube_prefs__  epyt-is-override  no-lazyload\" title=\"YouTube player\"  allow=\"fullscreen; accelerometer; autoplay; clipboard-write; encrypted-media; gyroscope; picture-in-picture; web-share\" referrerpolicy=\"strict-origin-when-cross-origin\" allowfullscreen data-no-lazy=\"1\" data-skipgform_ajax_framebjll=\"\"><\/iframe><\/div>\n<\/div><\/figure>\n\n\n\n<p>Durante toda la semana se han realizado, desde el Gobierno Municipal, <strong>firma de convenios y adhesi\u00f3n a campa\u00f1as de plantaci\u00f3n<\/strong>; difusi\u00f3n de\u00a0<strong>materiales de cuidado y prevenci\u00f3n del cuidado del ambiente en instituciones locales<\/strong>; tambi\u00e9n\u00a0<strong>plantaciones de \u00e1rboles en escuelas y cortinas forestales en la ciudad<\/strong>, con el objetivo de que se revalorice la funci\u00f3n y el aporte del arbolado en la comunidad y en la vida cotidiana de cada uno.<\/p>\n\n\n\n<p><em>&#8220;Esperamos\u00a0generar conciencia en la poblaci\u00f3n y que cada vecino pueda desarrollar, acompa\u00f1ado de la Municipalidad, esta gran tarea de revalorizaci\u00f3n, restauraci\u00f3n, conservaci\u00f3n y promoci\u00f3n de nuestro Ambiente&#8221;<\/em>, dijeron desde la actual gesti\u00f3n.<\/p>\n\n\n\n<p>Fuente: Comunicaci\u00f3n y Protocolo del Gobierno Municipal.<\/p>\n","protected":false},"excerpt":{"rendered":"<p>Tuvo como objetivo que se revalorice la funci\u00f3n y el aporte del arbolado en la comunidad y en la vida&hellip;<\/p>\n","protected":false},"author":3,"featured_media":10009,"comment_status":"closed","ping_status":"open","sticky":false,"template":"","format":"standard","meta":{"footnotes":""},"categories":[913],"tags":[51,1093,66,67,836,258,1102,528,572],"class_list":["post-10008","post","type-post","status-publish","format-standard","has-post-thumbnail","hentry","category-medio-ambiente","tag-ambiente","tag-area-municipal-de-ambiente-y-energia","tag-arroyito","tag-arroyito-cordoba","tag-arroyito-online","tag-cuidado-del-medio-ambiente","tag-gobierno-municipal","tag-medio-ambiente","tag-noticias-de-arroyito-y-zona"],"_links":{"self":[{"href":"https:\/\/arroyitoonline.com.ar\/index.php?rest_route=\/wp\/v2\/posts\/10008","targetHints":{"allow":["GET"]}}],"collection":[{"href":"https:\/\/arroyitoonline.com.ar\/index.php?rest_route=\/wp\/v2\/posts"}],"about":[{"href":"https:\/\/arroyitoonline.com.ar\/index.php?rest_route=\/wp\/v2\/types\/post"}],"author":[{"embeddable":true,"href":"https:\/\/arroyitoonline.com.ar\/index.php?rest_route=\/wp\/v2\/users\/3"}],"replies":[{"embeddable":true,"href":"https:\/\/arroyitoonline.com.ar\/index.php?rest_route=%2Fwp%2Fv2%2Fcomments&post=10008"}],"version-history":[{"count":1,"href":"https:\/\/arroyitoonline.com.ar\/index.php?rest_route=\/wp\/v2\/posts\/10008\/revisions"}],"predecessor-version":[{"id":10010,"href":"https:\/\/arroyitoonline.com.ar\/index.php?rest_route=\/wp\/v2\/posts\/10008\/revisions\/10010"}],"wp:featuredmedia":[{"embeddable":true,"href":"https:\/\/arroyitoonline.com.ar\/index.php?rest_route=\/wp\/v2\/media\/10009"}],"wp:attachment":[{"href":"https:\/\/arroyitoonline.com.ar\/index.php?rest_route=%2Fwp%2Fv2%2Fmedia&parent=10008"}],"wp:term":[{"taxonomy":"category","embeddable":true,"href":"https:\/\/arroyitoonline.com.ar\/index.php?rest_route=%2Fwp%2Fv2%2Fcategories&post=10008"},{"taxonomy":"post_tag","embeddable":true,"href":"https:\/\/arroyitoonline.com.ar\/index.php?rest_route=%2Fwp%2Fv2%2Ftags&post=10008"}],"curies":[{"name":"wp","href":"https:\/\/api.w.org\/{rel}","templated":true}]}}