{"id":10011,"date":"2020-08-29T21:05:00","date_gmt":"2020-08-29T21:05:00","guid":{"rendered":"https:\/\/arroyitoonline.com.ar\/?p=10011"},"modified":"2020-09-01T22:40:29","modified_gmt":"2020-09-01T22:40:29","slug":"semana-del-arbol-emiliano-ferace-de-actitud-eco-explico-la-importancia-del-arbolado-urbano","status":"publish","type":"post","link":"https:\/\/arroyitoonline.com.ar\/?p=10011","title":{"rendered":"Semana del \u00c1rbol: Emiliano Ferace, de Actitud Eco explic\u00f3 la importancia del arbolado urbano"},"content":{"rendered":"\n<p><strong>El ingeniero Agr\u00f3nomo se refiri\u00f3 a la Ordenanza Plantaci\u00f3n y Conservaci\u00f3n de especies ex\u00f3ticas y nativas aut\u00f3ctonas en el arbolado p\u00fablico<\/strong><\/p>\n\n\n\n<p>En el d\u00eda del \u00c1rbol, el ingeniero Agr\u00f3nomo y consultor Ambiental, Emiliano Ferace, quien forma parte de la organizaci\u00f3n local Actitud ECO, explica la importancia del cuidado del arbolado urbano.<\/p>\n\n\n\n<p>En el siguiente video, el profesional comparte informaci\u00f3n sobre la Ordenanza 1622\/2013 Plantaci\u00f3n y Conservaci\u00f3n de especies ex\u00f3ticas y nativas aut\u00f3ctonas en el arbolado p\u00fablico de las calles y espacios verdes del ejido urbano.<\/p>\n\n\n\n<figure class=\"wp-block-embed-youtube wp-block-embed is-type-video is-provider-youtube wp-embed-aspect-16-9 wp-has-aspect-ratio\"><div class=\"wp-block-embed__wrapper\">\n<div class=\"epyt-video-wrapper\"><iframe loading=\"lazy\"  style=\"display: block; margin: 0px auto;\"  id=\"_ytid_88856\"  width=\"1140\" height=\"641\"  data-origwidth=\"1140\" data-origheight=\"641\" src=\"https:\/\/www.youtube.com\/embed\/fcX4vDVzZzQ?enablejsapi=1&#038;autoplay=0&#038;cc_load_policy=1&#038;cc_lang_pref=&#038;iv_load_policy=3&#038;loop=0&#038;rel=1&#038;fs=1&#038;playsinline=0&#038;autohide=2&#038;theme=dark&#038;color=red&#038;controls=1&#038;disablekb=0&#038;\" class=\"__youtube_prefs__  epyt-is-override  no-lazyload\" title=\"YouTube player\"  allow=\"fullscreen; accelerometer; autoplay; clipboard-write; encrypted-media; gyroscope; picture-in-picture; web-share\" referrerpolicy=\"strict-origin-when-cross-origin\" allowfullscreen data-no-lazy=\"1\" data-skipgform_ajax_framebjll=\"\"><\/iframe><\/div>\n<\/div><\/figure>\n\n\n\n<p><em>Los beneficios principales de los \u00e1rboles<\/em><\/p>\n\n\n\n<p>Nos proveen el ox\u00edgeno necesario para la vida, disminuyen la contaminaci\u00f3n ambiental, permiten manejar las variaciones de temperaturas, adem\u00e1s act\u00faan como barreras forestales y sirven de habitat para muchas especies.<\/p>\n\n\n\n<p>Record\u00e1 que no est\u00e1n permitidas las extracciones o podas de \u00e1rboles, salvo previo permiso municipal que puede solicitarse en el \u00e1rea de Ambiente y Energ\u00eda, ubicada en la calle Rivadavia N\u00b0 390, o de manera telef\u00f3nica v\u00eda WhatsApp, al 3576-477341. Ante inquietudes o avisos por extracci\u00f3n o poda, pod\u00e9s enviar informaci\u00f3n y fotos del \u00e1rbol al mismo tel\u00e9fono.<\/p>\n\n\n\n<p>Fuente: Comunicaci\u00f3n y Protocolo del Gobierno Municipal. <\/p>\n","protected":false},"excerpt":{"rendered":"<p>El ingeniero Agr\u00f3nomo se refiri\u00f3 a la Ordenanza Plantaci\u00f3n y Conservaci\u00f3n de especies ex\u00f3ticas y nativas aut\u00f3ctonas en el arbolado&hellip;<\/p>\n","protected":false},"author":3,"featured_media":10012,"comment_status":"closed","ping_status":"open","sticky":false,"template":"","format":"standard","meta":{"footnotes":""},"categories":[913],"tags":[1169,51,58,66,67,836,258,1102,528,572],"class_list":["post-10011","post","type-post","status-publish","format-standard","has-post-thumbnail","hentry","category-medio-ambiente","tag-actitudeco","tag-ambiente","tag-arboles","tag-arroyito","tag-arroyito-cordoba","tag-arroyito-online","tag-cuidado-del-medio-ambiente","tag-gobierno-municipal","tag-medio-ambiente","tag-noticias-de-arroyito-y-zona"],"_links":{"self":[{"href":"https:\/\/arroyitoonline.com.ar\/index.php?rest_route=\/wp\/v2\/posts\/10011","targetHints":{"allow":["GET"]}}],"collection":[{"href":"https:\/\/arroyitoonline.com.ar\/index.php?rest_route=\/wp\/v2\/posts"}],"about":[{"href":"https:\/\/arroyitoonline.com.ar\/index.php?rest_route=\/wp\/v2\/types\/post"}],"author":[{"embeddable":true,"href":"https:\/\/arroyitoonline.com.ar\/index.php?rest_route=\/wp\/v2\/users\/3"}],"replies":[{"embeddable":true,"href":"https:\/\/arroyitoonline.com.ar\/index.php?rest_route=%2Fwp%2Fv2%2Fcomments&post=10011"}],"version-history":[{"count":2,"href":"https:\/\/arroyitoonline.com.ar\/index.php?rest_route=\/wp\/v2\/posts\/10011\/revisions"}],"predecessor-version":[{"id":10014,"href":"https:\/\/arroyitoonline.com.ar\/index.php?rest_route=\/wp\/v2\/posts\/10011\/revisions\/10014"}],"wp:featuredmedia":[{"embeddable":true,"href":"https:\/\/arroyitoonline.com.ar\/index.php?rest_route=\/wp\/v2\/media\/10012"}],"wp:attachment":[{"href":"https:\/\/arroyitoonline.com.ar\/index.php?rest_route=%2Fwp%2Fv2%2Fmedia&parent=10011"}],"wp:term":[{"taxonomy":"category","embeddable":true,"href":"https:\/\/arroyitoonline.com.ar\/index.php?rest_route=%2Fwp%2Fv2%2Fcategories&post=10011"},{"taxonomy":"post_tag","embeddable":true,"href":"https:\/\/arroyitoonline.com.ar\/index.php?rest_route=%2Fwp%2Fv2%2Ftags&post=10011"}],"curies":[{"name":"wp","href":"https:\/\/api.w.org\/{rel}","templated":true}]}}