{"id":10031,"date":"2020-09-03T16:29:39","date_gmt":"2020-09-03T16:29:39","guid":{"rendered":"https:\/\/arroyitoonline.com.ar\/?p=10031"},"modified":"2020-09-03T16:29:41","modified_gmt":"2020-09-03T16:29:41","slug":"este-ano-los-cafes-tematicos-de-la-velez-seran-en-formato-documental-por-el-distanciamiento","status":"publish","type":"post","link":"https:\/\/arroyitoonline.com.ar\/?p=10031","title":{"rendered":"Este a\u00f1o, los Caf\u00e9s Tem\u00e1ticos de la V\u00e9lez ser\u00e1n en formato documental, por el distanciamiento"},"content":{"rendered":"\n<p><strong>El primero del ciclo, Cavernas 2.0, ser\u00e1 sobre la idea de que la extensi\u00f3n de la cuarentena influye en nuestra percepci\u00f3n sobre la pandemia.<\/strong><\/p>\n\n\n\n<p>El Nivel Secundario de la Escuela Dr. Dalmacio V\u00e9lez Sarsfield se encuentra organizando el ciclo de Caf\u00e9s Tem\u00e1ticos 2020, este a\u00f1o bajo un formato de documental.<\/p>\n\n\n\n<p>El grupo que integran Martina, Agostina, Jimena, Sof\u00eda, Paula, Micaela, Santiago, Francisco y Santiago [Sexto A, Econom\u00eda] trabaja sobre la idea de que la extensi\u00f3n de la cuarentena [167 d\u00edas hasta la fecha] influye en nuestra percepci\u00f3n sobre la pandemia de coronavirus Covid\u201319.<\/p>\n\n\n\n<p>Estos alumnos titularon al primer Caf\u00e9 del ciclo, Cavernas 2.0, en alusi\u00f3n al m\u00e1s famoso <a href=\"https:\/\/es.wikipedia.org\/wiki\/Alegor%C3%ADa_de_la_caverna#:~:text=Plat%C3%B3n%20describi%C3%B3%2C%E2%80%8B%20en%20su,poder%20nunca%20girar%20la%20cabeza.\" target=\"_blank\" rel=\"noreferrer noopener\">relato aleg\u00f3rico de Plat\u00f3n<\/a>.<\/p>\n\n\n\n<p>Desde la instituci\u00f3n educativa invitan a sumarse al trabajo de investigaci\u00f3n completando el siguiente cuestionario: <a href=\"http:\/\/bit.ly\/cavernas-20\" target=\"_blank\" rel=\"noreferrer noopener\">http:\/\/bit.ly\/cavernas-20<\/a>.<\/p>\n\n\n\n<p>Los resultados ser\u00e1n incluidos en el documental que ser\u00e1 estrenado, en las redes sociales de la V\u00e9lez, en octubre, mes donde celebrar\u00e1n su tradicional Semana Velezana.<\/p>\n\n\n\n<p>Foto de archivo: Caf\u00e9 Tem\u00e1tico 2019 Nunca M\u00e1s.<\/p>\n","protected":false},"excerpt":{"rendered":"<p>El primero del ciclo, Cavernas 2.0, ser\u00e1 sobre la idea de que la extensi\u00f3n de la cuarentena influye en nuestra&hellip;<\/p>\n","protected":false},"author":3,"featured_media":10032,"comment_status":"closed","ping_status":"open","sticky":false,"template":"","format":"standard","meta":{"footnotes":""},"categories":[830],"tags":[1120,66,67,836,1108,888,572,793],"class_list":["post-10031","post","type-post","status-publish","format-standard","has-post-thumbnail","hentry","category-educacion-online","tag-aislamiento","tag-arroyito","tag-arroyito-cordoba","tag-arroyito-online","tag-coronavirus","tag-escuela-dr-dalmacio-velez-sarsfield","tag-noticias-de-arroyito-y-zona","tag-velez-sarsfield"],"_links":{"self":[{"href":"https:\/\/arroyitoonline.com.ar\/index.php?rest_route=\/wp\/v2\/posts\/10031","targetHints":{"allow":["GET"]}}],"collection":[{"href":"https:\/\/arroyitoonline.com.ar\/index.php?rest_route=\/wp\/v2\/posts"}],"about":[{"href":"https:\/\/arroyitoonline.com.ar\/index.php?rest_route=\/wp\/v2\/types\/post"}],"author":[{"embeddable":true,"href":"https:\/\/arroyitoonline.com.ar\/index.php?rest_route=\/wp\/v2\/users\/3"}],"replies":[{"embeddable":true,"href":"https:\/\/arroyitoonline.com.ar\/index.php?rest_route=%2Fwp%2Fv2%2Fcomments&post=10031"}],"version-history":[{"count":1,"href":"https:\/\/arroyitoonline.com.ar\/index.php?rest_route=\/wp\/v2\/posts\/10031\/revisions"}],"predecessor-version":[{"id":10033,"href":"https:\/\/arroyitoonline.com.ar\/index.php?rest_route=\/wp\/v2\/posts\/10031\/revisions\/10033"}],"wp:featuredmedia":[{"embeddable":true,"href":"https:\/\/arroyitoonline.com.ar\/index.php?rest_route=\/wp\/v2\/media\/10032"}],"wp:attachment":[{"href":"https:\/\/arroyitoonline.com.ar\/index.php?rest_route=%2Fwp%2Fv2%2Fmedia&parent=10031"}],"wp:term":[{"taxonomy":"category","embeddable":true,"href":"https:\/\/arroyitoonline.com.ar\/index.php?rest_route=%2Fwp%2Fv2%2Fcategories&post=10031"},{"taxonomy":"post_tag","embeddable":true,"href":"https:\/\/arroyitoonline.com.ar\/index.php?rest_route=%2Fwp%2Fv2%2Ftags&post=10031"}],"curies":[{"name":"wp","href":"https:\/\/api.w.org\/{rel}","templated":true}]}}