{"id":10034,"date":"2020-09-03T19:19:26","date_gmt":"2020-09-03T19:19:26","guid":{"rendered":"https:\/\/arroyitoonline.com.ar\/?p=10034"},"modified":"2020-09-03T19:19:28","modified_gmt":"2020-09-03T19:19:28","slug":"jovenes-piden-que-los-dejen-entrar-a-formosa-para-ver-a-su-papa-que-tiene-cancer-avanzado","status":"publish","type":"post","link":"https:\/\/arroyitoonline.com.ar\/?p=10034","title":{"rendered":"J\u00f3venes piden que los dejen entrar a Formosa para ver a su pap\u00e1, que tiene c\u00e1ncer avanzado"},"content":{"rendered":"\n<p><strong>Bel\u00e9n y Maximiliano Romero temen que el suyo, sea otro caso <em>&#8220;Solange&#8221;<\/em>, en referencia a la joven fallecida el 21 de agosto, a cuyo padre le negaron el acceso a C\u00f3rdoba para despedirla.<\/strong><\/p>\n\n\n\n<p>Macarena Bel\u00e9n y Maximiliano Romero, de Arroyito, atraviesan un duro momento familiar. Es que su padre, Mario Romero, que reside en Formosa, donde se radic\u00f3 hace dos a\u00f1os por razones laborales, fue diagnosticado con c\u00e1ncer de p\u00e1ncreas, con met\u00e1stasis hep\u00e1tica. Hace un mes que solicitan autorizaci\u00f3n para el ingreso a esa provincia y no obtienen respuesta.<\/p>\n\n\n\n<p>Bel\u00e9n teme que el suyo sea otro caso &#8220;Solange&#8221;, en referencia a la joven fallecida el 21 de agosto, a cuyo padre le negaron el acceso a C\u00f3rdoba para despedirla. Por eso, escribi\u00f3 una publicaci\u00f3n, que ya se viraliz\u00f3 en las redes sociales, donde cuenta su drama y pide ayuda.<\/p>\n\n\n\n<div class=\"wp-block-image\"><figure class=\"aligncenter size-large\"><img loading=\"lazy\" decoding=\"async\" width=\"540\" height=\"960\" src=\"https:\/\/arroyitoonline.com.ar\/wp-content\/uploads\/2020\/09\/pedido-ayuda-formosa-1.jpg\" alt=\"\" class=\"wp-image-10037\" srcset=\"https:\/\/arroyitoonline.com.ar\/wp-content\/uploads\/2020\/09\/pedido-ayuda-formosa-1.jpg 540w, https:\/\/arroyitoonline.com.ar\/wp-content\/uploads\/2020\/09\/pedido-ayuda-formosa-1-169x300.jpg 169w\" sizes=\"auto, (max-width: 540px) 100vw, 540px\" \/><figcaption><em>El memsaje de Bel\u00e9n, que se viraliza en las redes sociales<\/em><\/figcaption><\/figure><\/div>\n\n\n\n<p><em>&#8220;Mi pap\u00e1 est\u00e1 mal, ahora est\u00e1 internado de vuelta, baj\u00f3 10 kilos. Hace un mes que estamos intentando que nos dejen entrar a Formosa, pero <em>nos denegaron<\/em><\/em>, <em>cerraron una p\u00e1gina, no nos contestaron. Todas las trabas que puede haber, todas tuvimos. Ahora no lo podemos trasladar porque est\u00e1 al \u00faltimo y no s\u00e9 si lo voy a llegar a ver&#8221;<\/em>, le dijo a <strong>Arroyito Online<\/strong>. <\/p>\n\n\n\n<p>En caso de viajar, los llevar\u00eda un primo hermano del padre, porque los j\u00f3venes no saben manejar. <em>&#8220;Mandamos correos que nunca fueron respondidos. Nos dieron una p\u00e1gina, me cans\u00e9 de mandar, hace un mes que estoy mandando. Esa fue la primera vez que mi pap\u00e1 decay\u00f3 mal y ah\u00ed descubrieron que mi pap\u00e1 ten\u00eda el tumor de p\u00e1ncreas&#8221;<\/em>, explic\u00f3 Bel\u00e9n..<\/p>\n\n\n\n<p>Por \u00faltimo, remarc\u00f3 que<em> &#8220;Ellos nunca me dieron una soluci\u00f3n, no me contestaron nunca. Reci\u00e9n ahora que empec\u00e9 a subirlo me contestaron, pero porque mi pap\u00e1 est\u00e1 mal. Ellos quieren que yo entre una hora, lo vea a mi pap\u00e1 y salga. No tienen coraz\u00f3n&#8221;<\/em>.<\/p>\n","protected":false},"excerpt":{"rendered":"<p>Bel\u00e9n y Maximiliano Romero temen que el suyo, sea otro caso &#8220;Solange&#8221;, en referencia a la joven fallecida el 21&hellip;<\/p>\n","protected":false},"author":3,"featured_media":10035,"comment_status":"closed","ping_status":"open","sticky":false,"template":"","format":"standard","meta":{"footnotes":""},"categories":[866],"tags":[1120,66,67,836,1108,1076,572],"class_list":["post-10034","post","type-post","status-publish","format-standard","has-post-thumbnail","hentry","category-historias-online","tag-aislamiento","tag-arroyito","tag-arroyito-cordoba","tag-arroyito-online","tag-coronavirus","tag-historias-online","tag-noticias-de-arroyito-y-zona"],"_links":{"self":[{"href":"https:\/\/arroyitoonline.com.ar\/index.php?rest_route=\/wp\/v2\/posts\/10034","targetHints":{"allow":["GET"]}}],"collection":[{"href":"https:\/\/arroyitoonline.com.ar\/index.php?rest_route=\/wp\/v2\/posts"}],"about":[{"href":"https:\/\/arroyitoonline.com.ar\/index.php?rest_route=\/wp\/v2\/types\/post"}],"author":[{"embeddable":true,"href":"https:\/\/arroyitoonline.com.ar\/index.php?rest_route=\/wp\/v2\/users\/3"}],"replies":[{"embeddable":true,"href":"https:\/\/arroyitoonline.com.ar\/index.php?rest_route=%2Fwp%2Fv2%2Fcomments&post=10034"}],"version-history":[{"count":1,"href":"https:\/\/arroyitoonline.com.ar\/index.php?rest_route=\/wp\/v2\/posts\/10034\/revisions"}],"predecessor-version":[{"id":10038,"href":"https:\/\/arroyitoonline.com.ar\/index.php?rest_route=\/wp\/v2\/posts\/10034\/revisions\/10038"}],"wp:featuredmedia":[{"embeddable":true,"href":"https:\/\/arroyitoonline.com.ar\/index.php?rest_route=\/wp\/v2\/media\/10035"}],"wp:attachment":[{"href":"https:\/\/arroyitoonline.com.ar\/index.php?rest_route=%2Fwp%2Fv2%2Fmedia&parent=10034"}],"wp:term":[{"taxonomy":"category","embeddable":true,"href":"https:\/\/arroyitoonline.com.ar\/index.php?rest_route=%2Fwp%2Fv2%2Fcategories&post=10034"},{"taxonomy":"post_tag","embeddable":true,"href":"https:\/\/arroyitoonline.com.ar\/index.php?rest_route=%2Fwp%2Fv2%2Ftags&post=10034"}],"curies":[{"name":"wp","href":"https:\/\/api.w.org\/{rel}","templated":true}]}}