{"id":10079,"date":"2020-09-07T03:31:00","date_gmt":"2020-09-07T03:31:00","guid":{"rendered":"https:\/\/arroyitoonline.com.ar\/?p=10079"},"modified":"2020-09-07T03:31:08","modified_gmt":"2020-09-07T03:31:08","slug":"benedetti-se-reunion-con-boero-secretario-general-del-stia","status":"publish","type":"post","link":"https:\/\/arroyitoonline.com.ar\/?p=10079","title":{"rendered":"Benedetti se reuni\u00f3n con Boero, secretario General del STIA"},"content":{"rendered":"\n<p><strong>Las autoridades avanzaron en la planificaci\u00f3n de la construcci\u00f3n de una plaza para los trabajadores en Arroyito.<\/strong><\/p>\n\n\n\n<p>D\u00edas pasados, el intendente Gustavo Benedetti se reuni\u00f3 con el secretario General del Sindicato de Trabajadores de Industrias de la Alimentaci\u00f3n (STIA) Arroyito, Hern\u00e1n Boero. El encuentro fue con motivo de poner en marcha tareas en conjunto, para beneficio de la ciudad.<\/p>\n\n\n\n<p>Durante la reuni\u00f3n, las autoridades avanzaron en la planificaci\u00f3n de la construcci\u00f3n de una plaza para los trabajadores en Arroyito.<\/p>\n\n\n\n<p>El intendente acompa\u00f1ado de la concejala Alejandra Diaz y de la secretaria Privada, Claudia Oberto, obsequiaron al gremio, las Banderas de la Naci\u00f3n Argentina, de la Provincia de C\u00f3rdoba y de Arroyito.<\/p>\n\n\n\n<p>Fuente: Comunicaci\u00f3n y Protocolo del Gobierno Municipal.<\/p>\n","protected":false},"excerpt":{"rendered":"<p>Las autoridades avanzaron en la planificaci\u00f3n de la construcci\u00f3n de una plaza para los trabajadores en Arroyito. D\u00edas pasados, el&hellip;<\/p>\n","protected":false},"author":3,"featured_media":10081,"comment_status":"closed","ping_status":"open","sticky":false,"template":"","format":"standard","meta":{"footnotes":""},"categories":[926],"tags":[66,67,836,115,1102,968,572,927,735,741],"class_list":["post-10079","post","type-post","status-publish","format-standard","has-post-thumbnail","hentry","category-sindicales","tag-arroyito","tag-arroyito-cordoba","tag-arroyito-online","tag-benedetti","tag-gobierno-municipal","tag-gustavo-benedetti","tag-noticias-de-arroyito-y-zona","tag-sindicales-online","tag-sindicato","tag-stia"],"_links":{"self":[{"href":"https:\/\/arroyitoonline.com.ar\/index.php?rest_route=\/wp\/v2\/posts\/10079","targetHints":{"allow":["GET"]}}],"collection":[{"href":"https:\/\/arroyitoonline.com.ar\/index.php?rest_route=\/wp\/v2\/posts"}],"about":[{"href":"https:\/\/arroyitoonline.com.ar\/index.php?rest_route=\/wp\/v2\/types\/post"}],"author":[{"embeddable":true,"href":"https:\/\/arroyitoonline.com.ar\/index.php?rest_route=\/wp\/v2\/users\/3"}],"replies":[{"embeddable":true,"href":"https:\/\/arroyitoonline.com.ar\/index.php?rest_route=%2Fwp%2Fv2%2Fcomments&post=10079"}],"version-history":[{"count":2,"href":"https:\/\/arroyitoonline.com.ar\/index.php?rest_route=\/wp\/v2\/posts\/10079\/revisions"}],"predecessor-version":[{"id":10082,"href":"https:\/\/arroyitoonline.com.ar\/index.php?rest_route=\/wp\/v2\/posts\/10079\/revisions\/10082"}],"wp:featuredmedia":[{"embeddable":true,"href":"https:\/\/arroyitoonline.com.ar\/index.php?rest_route=\/wp\/v2\/media\/10081"}],"wp:attachment":[{"href":"https:\/\/arroyitoonline.com.ar\/index.php?rest_route=%2Fwp%2Fv2%2Fmedia&parent=10079"}],"wp:term":[{"taxonomy":"category","embeddable":true,"href":"https:\/\/arroyitoonline.com.ar\/index.php?rest_route=%2Fwp%2Fv2%2Fcategories&post=10079"},{"taxonomy":"post_tag","embeddable":true,"href":"https:\/\/arroyitoonline.com.ar\/index.php?rest_route=%2Fwp%2Fv2%2Ftags&post=10079"}],"curies":[{"name":"wp","href":"https:\/\/api.w.org\/{rel}","templated":true}]}}