{"id":10083,"date":"2020-09-07T03:39:44","date_gmt":"2020-09-07T03:39:44","guid":{"rendered":"https:\/\/arroyitoonline.com.ar\/?p=10083"},"modified":"2020-09-07T03:39:48","modified_gmt":"2020-09-07T03:39:48","slug":"abrieron-sobres-de-la-convocatoria-de-proyectos-de-inversion-estrategica-en-la-costanera-presentaron-13-propuestas","status":"publish","type":"post","link":"https:\/\/arroyitoonline.com.ar\/?p=10083","title":{"rendered":"Abrieron sobres de la Convocatoria de Proyectos de inversi\u00f3n estrat\u00e9gica en la Costanera: presentaron 13 propuestas"},"content":{"rendered":"\n<p><strong>Tres corresponden a la refuncionalizaci\u00f3n de la totalidad de la Costanera y 10 son sobre transformaciones puntuales en determinadas zonas.<\/strong><\/p>\n\n\n\n<p>D\u00edas pasados, el Gobierno Municipal procedi\u00f3 a la\u00a0<strong>apertura de sobres de la Convocatoria de Proyectos de inversi\u00f3n estrat\u00e9gica en la Costanera<\/strong>, lanzada a principio de agosto, que implica la r<strong>ecepci\u00f3n de propuestas de inversi\u00f3n para la trasformaci\u00f3n de diferentes espacios y sectores de la vera del R\u00edo Xanaes.<\/strong><\/p>\n\n\n\n<p><strong>13 proyectos<\/strong> fueron recibidos, lo cual significa una excelente participaci\u00f3n de vecinos con voluntad para la inversi\u00f3n en la mejora de la ciudad<strong>. Tres de estos proyectos corresponden a la refuncionalizaci\u00f3n de la totalidad de la Costanera y 10 son sobre transformaciones puntuales en determinadas zonas.<\/strong><\/p>\n\n\n\n<p>Ahora, se proceder\u00e1 a la preselecci\u00f3n de proyectos que se anunciar\u00e1 el lunes 7 de septiembre, con el fin de que se inicie el establecimento de acuerdos y ajustes necesarios para la incorporaci\u00f3n en las propuestas, en vistas a su presentaci\u00f3n formal.<\/p>\n\n\n\n<p><em>\u201cEl plan de desarrollo de la Costanera implica la participaci\u00f3n y la recepci\u00f3n de propuestas de los vecinos, respetando el acceso p\u00fablico y la naturaleza del lugar\u201d<\/em>, dijo Benedetti, en la oportunidad.<\/p>\n\n\n\n<p>El \u00f3rgano promotor y evaluador municipal est\u00e1 integrado por el Benedetti; la viceintendente, Mar\u00eda Jos\u00e9 Esp\u00f3sito; la secretaria de Econom\u00eda y Finanzas, Karem Martorella; la asesora de Desarrollo Urbano y H\u00e1bitat, Daniela Gargantini; la asesora de Ambiente, Lelia Imhof; el director de Desarrollo Urbano, Mariano Margonari; la directora de Deportes, Alejandra Parrucci; y el coordinador de Turismo, Santiago Ferreira; quienes estuvieron presentes en la apertura de sobres, acompa\u00f1ados de la concejala Alejandra D\u00edaz.<\/p>\n\n\n\n<p>Fuente: Comunicaci\u00f3n y Protocolo del Gobierno Municipal.<\/p>\n","protected":false},"excerpt":{"rendered":"<p>Tres corresponden a la refuncionalizaci\u00f3n de la totalidad de la Costanera y 10 son sobre transformaciones puntuales en determinadas zonas.&hellip;<\/p>\n","protected":false},"author":3,"featured_media":10084,"comment_status":"closed","ping_status":"open","sticky":false,"template":"","format":"standard","meta":{"footnotes":""},"categories":[1044],"tags":[66,67,836,95,1069,1102,572,578,660,689,690],"class_list":["post-10083","post","type-post","status-publish","format-standard","has-post-thumbnail","hentry","category-obras-publicas","tag-arroyito","tag-arroyito-cordoba","tag-arroyito-online","tag-balneario","tag-costanera","tag-gobierno-municipal","tag-noticias-de-arroyito-y-zona","tag-obras-publicas","tag-proyecto","tag-rio-segundo","tag-rio-xanaes"],"_links":{"self":[{"href":"https:\/\/arroyitoonline.com.ar\/index.php?rest_route=\/wp\/v2\/posts\/10083","targetHints":{"allow":["GET"]}}],"collection":[{"href":"https:\/\/arroyitoonline.com.ar\/index.php?rest_route=\/wp\/v2\/posts"}],"about":[{"href":"https:\/\/arroyitoonline.com.ar\/index.php?rest_route=\/wp\/v2\/types\/post"}],"author":[{"embeddable":true,"href":"https:\/\/arroyitoonline.com.ar\/index.php?rest_route=\/wp\/v2\/users\/3"}],"replies":[{"embeddable":true,"href":"https:\/\/arroyitoonline.com.ar\/index.php?rest_route=%2Fwp%2Fv2%2Fcomments&post=10083"}],"version-history":[{"count":1,"href":"https:\/\/arroyitoonline.com.ar\/index.php?rest_route=\/wp\/v2\/posts\/10083\/revisions"}],"predecessor-version":[{"id":10085,"href":"https:\/\/arroyitoonline.com.ar\/index.php?rest_route=\/wp\/v2\/posts\/10083\/revisions\/10085"}],"wp:featuredmedia":[{"embeddable":true,"href":"https:\/\/arroyitoonline.com.ar\/index.php?rest_route=\/wp\/v2\/media\/10084"}],"wp:attachment":[{"href":"https:\/\/arroyitoonline.com.ar\/index.php?rest_route=%2Fwp%2Fv2%2Fmedia&parent=10083"}],"wp:term":[{"taxonomy":"category","embeddable":true,"href":"https:\/\/arroyitoonline.com.ar\/index.php?rest_route=%2Fwp%2Fv2%2Fcategories&post=10083"},{"taxonomy":"post_tag","embeddable":true,"href":"https:\/\/arroyitoonline.com.ar\/index.php?rest_route=%2Fwp%2Fv2%2Ftags&post=10083"}],"curies":[{"name":"wp","href":"https:\/\/api.w.org\/{rel}","templated":true}]}}