{"id":10091,"date":"2020-09-07T15:14:16","date_gmt":"2020-09-07T15:14:16","guid":{"rendered":"https:\/\/arroyitoonline.com.ar\/?p=10091"},"modified":"2020-09-07T18:46:42","modified_gmt":"2020-09-07T18:46:42","slug":"la-policia-secuestro-un-cuatriciclo-conducido-por-joven-de-16-anos-que-hacia-maniobras-peligrosas","status":"publish","type":"post","link":"https:\/\/arroyitoonline.com.ar\/?p=10091","title":{"rendered":"La Polic\u00eda secuestr\u00f3 un cuatriciclo conducido por joven de 16 a\u00f1os, que hac\u00eda maniobras peligrosas"},"content":{"rendered":"\n<p><strong>Iba acompa\u00f1ado por una chica de 18 a\u00f1os. Ambos carec\u00edan de documentaci\u00f3n, tanto personal como del veh\u00edculo.<\/strong><\/p>\n\n\n\n<p>El domingo a las 12:30 horas, mientras personal policial se encontraba realizando patrullaje preventivo por sector del Balneario Municipal, observ\u00f3 un cuatriciclo marca Brava Adventure 250 cc de color negro, el cual circulaba por Av. Per\u00f3n, con sentido de oeste a este.<\/p>\n\n\n\n<p>Cuando la Polic\u00eda intent\u00f3 que detuviera su marcha, el rodado realiz\u00f3 derrape en forma de U, poniendo en peligro la integridad f\u00edsica de los dos ocupantes y la de terceros que circulaban en bicicletas.<\/p>\n\n\n\n<p>Acto seguido, el uniformado los identific\u00f3, siendo el conductor un joven de 16, y la acompa\u00f1ante, una chica de 18 a\u00f1os. Cuando fueron consultados sobre la documentaci\u00f3n personal y la del veh\u00edculo, no la pose\u00edan.<\/p>\n\n\n\n<p>Ambos fueron trasladados a la Comisar\u00eda, procediendo al secuestro del veh\u00edculo. Adem\u00e1s, se iniciaron las actuaciones sumariales por supuesta infracci\u00f3n a los art\u00edculos 7\u00b0 (Participaci\u00f3n), 104\u00b0 (Conductor menor de edad), 105\u00b0 (Conducci\u00f3n peligrosa) y 111\u00b0 (Prohibici\u00f3n de transitar sin documentaci\u00f3n, sin casco o sin placa identificatoria en motoveh\u00edculos) del C\u00f3digo de Convivencia Ciudadana \u2013 Ley Pcial. 10.326.<\/p>\n\n\n\n<p>Fuente: informe de la oficial Insp. Soledad Torletto, titular accidental de la Comisar\u00eda Distrito Arroyito.<\/p>\n","protected":false},"excerpt":{"rendered":"<p>Iba acompa\u00f1ado por una chica de 18 a\u00f1os. Ambos carec\u00edan de documentaci\u00f3n, tanto personal como del veh\u00edculo. El domingo a&hellip;<\/p>\n","protected":false},"author":3,"featured_media":8868,"comment_status":"closed","ping_status":"open","sticky":false,"template":"","format":"standard","meta":{"footnotes":""},"categories":[824],"tags":[66,67,836,209,572,635,637,638,825],"class_list":["post-10091","post","type-post","status-publish","format-standard","has-post-thumbnail","hentry","category-policiales-online","tag-arroyito","tag-arroyito-cordoba","tag-arroyito-online","tag-codigo-de-convivencia-ciudadana","tag-noticias-de-arroyito-y-zona","tag-policia","tag-policiales","tag-policiales-arroyito","tag-policiales-online"],"_links":{"self":[{"href":"https:\/\/arroyitoonline.com.ar\/index.php?rest_route=\/wp\/v2\/posts\/10091","targetHints":{"allow":["GET"]}}],"collection":[{"href":"https:\/\/arroyitoonline.com.ar\/index.php?rest_route=\/wp\/v2\/posts"}],"about":[{"href":"https:\/\/arroyitoonline.com.ar\/index.php?rest_route=\/wp\/v2\/types\/post"}],"author":[{"embeddable":true,"href":"https:\/\/arroyitoonline.com.ar\/index.php?rest_route=\/wp\/v2\/users\/3"}],"replies":[{"embeddable":true,"href":"https:\/\/arroyitoonline.com.ar\/index.php?rest_route=%2Fwp%2Fv2%2Fcomments&post=10091"}],"version-history":[{"count":2,"href":"https:\/\/arroyitoonline.com.ar\/index.php?rest_route=\/wp\/v2\/posts\/10091\/revisions"}],"predecessor-version":[{"id":10093,"href":"https:\/\/arroyitoonline.com.ar\/index.php?rest_route=\/wp\/v2\/posts\/10091\/revisions\/10093"}],"wp:featuredmedia":[{"embeddable":true,"href":"https:\/\/arroyitoonline.com.ar\/index.php?rest_route=\/wp\/v2\/media\/8868"}],"wp:attachment":[{"href":"https:\/\/arroyitoonline.com.ar\/index.php?rest_route=%2Fwp%2Fv2%2Fmedia&parent=10091"}],"wp:term":[{"taxonomy":"category","embeddable":true,"href":"https:\/\/arroyitoonline.com.ar\/index.php?rest_route=%2Fwp%2Fv2%2Fcategories&post=10091"},{"taxonomy":"post_tag","embeddable":true,"href":"https:\/\/arroyitoonline.com.ar\/index.php?rest_route=%2Fwp%2Fv2%2Ftags&post=10091"}],"curies":[{"name":"wp","href":"https:\/\/api.w.org\/{rel}","templated":true}]}}