{"id":10103,"date":"2020-09-08T02:13:19","date_gmt":"2020-09-08T02:13:19","guid":{"rendered":"https:\/\/arroyitoonline.com.ar\/?p=10103"},"modified":"2020-09-08T02:13:21","modified_gmt":"2020-09-08T02:13:21","slug":"adolescente-de-15-anos-le-pego-con-cano-metalico-a-un-policia-y-le-quebro-el-tabique-nasal","status":"publish","type":"post","link":"https:\/\/arroyitoonline.com.ar\/?p=10103","title":{"rendered":"Adolescente de 15 a\u00f1os le peg\u00f3 con ca\u00f1o met\u00e1lico a un polic\u00eda y le quebr\u00f3 el tabique nasal"},"content":{"rendered":"\n<p><strong>Un llamado dio aviso de que habr\u00eda m\u00fasica alta en un domicilio. Cuando lleg\u00f3 el m\u00f3vil, j\u00f3venes agredieron e insultaron a los uniformados.<\/strong><\/p>\n\n\n\n<p>El domingo a las 23:35 horas, se constituy\u00f3 personal policial en inmediaciones de calle Col\u00f3n al 600. Fue tras un llamado a la l\u00ednea de emergencias, que dio aviso de que habr\u00eda m\u00fasica alta en un domicilio.<\/p>\n\n\n\n<p>Cuando lleg\u00f3 el m\u00f3vil, desde el interior de la vivienda comenzaron a salir varios j\u00f3venes ofuscados, que insultaron y agredieron a los uniformados.<\/p>\n\n\n\n<p>Uno de estos sujetos le propin\u00f3 un golpe en el rostro, con un ca\u00f1o met\u00e1lico, a uno de los agentes, ocasion\u00e1ndole fractura de tabique nasal y traumatismos varios.<\/p>\n\n\n\n<p>Momentos despu\u00e9s, el agresor, un menor de 15 a\u00f1os, fue aprehendido. El joven fue trasladado a la Comisar\u00eda local, qued\u00f3 a disposici\u00f3n de Juzgado de Menores de Arroyito, y luego fue entregado a sus padres.<\/p>\n\n\n\n<p>Fuente: informe de la oficial Insp. Soledad Torletto, titular accidental de la Comisar\u00eda Distrito Arroyito.<\/p>\n","protected":false},"excerpt":{"rendered":"<p>Un llamado dio aviso de que habr\u00eda m\u00fasica alta en un domicilio. Cuando lleg\u00f3 el m\u00f3vil, j\u00f3venes agredieron e insultaron&hellip;<\/p>\n","protected":false},"author":3,"featured_media":9908,"comment_status":"closed","ping_status":"open","sticky":false,"template":"","format":"standard","meta":{"footnotes":""},"categories":[824],"tags":[37,66,67,836,875,572,635,637,638,825],"class_list":["post-10103","post","type-post","status-publish","format-standard","has-post-thumbnail","hentry","category-policiales-online","tag-agresion","tag-arroyito","tag-arroyito-cordoba","tag-arroyito-online","tag-jovenes-2","tag-noticias-de-arroyito-y-zona","tag-policia","tag-policiales","tag-policiales-arroyito","tag-policiales-online"],"_links":{"self":[{"href":"https:\/\/arroyitoonline.com.ar\/index.php?rest_route=\/wp\/v2\/posts\/10103","targetHints":{"allow":["GET"]}}],"collection":[{"href":"https:\/\/arroyitoonline.com.ar\/index.php?rest_route=\/wp\/v2\/posts"}],"about":[{"href":"https:\/\/arroyitoonline.com.ar\/index.php?rest_route=\/wp\/v2\/types\/post"}],"author":[{"embeddable":true,"href":"https:\/\/arroyitoonline.com.ar\/index.php?rest_route=\/wp\/v2\/users\/3"}],"replies":[{"embeddable":true,"href":"https:\/\/arroyitoonline.com.ar\/index.php?rest_route=%2Fwp%2Fv2%2Fcomments&post=10103"}],"version-history":[{"count":1,"href":"https:\/\/arroyitoonline.com.ar\/index.php?rest_route=\/wp\/v2\/posts\/10103\/revisions"}],"predecessor-version":[{"id":10104,"href":"https:\/\/arroyitoonline.com.ar\/index.php?rest_route=\/wp\/v2\/posts\/10103\/revisions\/10104"}],"wp:featuredmedia":[{"embeddable":true,"href":"https:\/\/arroyitoonline.com.ar\/index.php?rest_route=\/wp\/v2\/media\/9908"}],"wp:attachment":[{"href":"https:\/\/arroyitoonline.com.ar\/index.php?rest_route=%2Fwp%2Fv2%2Fmedia&parent=10103"}],"wp:term":[{"taxonomy":"category","embeddable":true,"href":"https:\/\/arroyitoonline.com.ar\/index.php?rest_route=%2Fwp%2Fv2%2Fcategories&post=10103"},{"taxonomy":"post_tag","embeddable":true,"href":"https:\/\/arroyitoonline.com.ar\/index.php?rest_route=%2Fwp%2Fv2%2Ftags&post=10103"}],"curies":[{"name":"wp","href":"https:\/\/api.w.org\/{rel}","templated":true}]}}