{"id":10160,"date":"2020-09-19T02:36:47","date_gmt":"2020-09-19T02:36:47","guid":{"rendered":"https:\/\/arroyitoonline.com.ar\/?p=10160"},"modified":"2020-09-19T02:36:51","modified_gmt":"2020-09-19T02:36:51","slug":"covid-19-en-arroyito-dos-hisopados-dieron-resultados-positivos","status":"publish","type":"post","link":"https:\/\/arroyitoonline.com.ar\/?p=10160","title":{"rendered":"Covid-19 en Arroyito: dos hisopados dieron resultados positivos"},"content":{"rendered":"\n<p><strong>Los dos pacientes tuvieron contacto con personas de la ciudad de C\u00f3rdoba. Ambos permaneces aislados en sus domicilios.<\/strong><\/p>\n\n\n\n<p>El Centro de Emergencias de Arroyito (CEA) informa que, ayer jueves 17 de septiembre, se han realizado seis hisopados por recomendaci\u00f3n epidemiol\u00f3gica. Por su parte, hoy viernes, dos de estos arrojaron como resultado positivo para coronavirus y los cuatro restantes, fueron negativos.<\/p>\n\n\n\n<p>Se trata de dos casos que tuvieron contacto con personas de la ciudad de C\u00f3rdoba. Ambos pacientes permaneces aislados en sus domicilios.<\/p>\n\n\n\n<p>Adem\u00e1s, se est\u00e1n realizando los trabajos sanitarios epidemiol\u00f3gicos, de aislamiento e hisopados de sus contactos estrechos.<\/p>\n\n\n\n<p>El Equipo Sanitario se encuentra trabajando para el control de cada detalle de esta situaci\u00f3n.<\/p>\n\n\n\n<p>Fuente: Comunicaci\u00f3n y Protocolo del Gobierno Municipal. <\/p>\n","protected":false},"excerpt":{"rendered":"<p>Los dos pacientes tuvieron contacto con personas de la ciudad de C\u00f3rdoba. Ambos permaneces aislados en sus domicilios. El Centro&hellip;<\/p>\n","protected":false},"author":3,"featured_media":10161,"comment_status":"closed","ping_status":"open","sticky":false,"template":"","format":"standard","meta":{"footnotes":""},"categories":[9],"tags":[1120,66,67,836,1149,1108,572,706],"class_list":["post-10160","post","type-post","status-publish","format-standard","has-post-thumbnail","hentry","category-infosalud","tag-aislamiento","tag-arroyito","tag-arroyito-cordoba","tag-arroyito-online","tag-centro-de-emergencias-de-arroyito","tag-coronavirus","tag-noticias-de-arroyito-y-zona","tag-salud"],"_links":{"self":[{"href":"https:\/\/arroyitoonline.com.ar\/index.php?rest_route=\/wp\/v2\/posts\/10160","targetHints":{"allow":["GET"]}}],"collection":[{"href":"https:\/\/arroyitoonline.com.ar\/index.php?rest_route=\/wp\/v2\/posts"}],"about":[{"href":"https:\/\/arroyitoonline.com.ar\/index.php?rest_route=\/wp\/v2\/types\/post"}],"author":[{"embeddable":true,"href":"https:\/\/arroyitoonline.com.ar\/index.php?rest_route=\/wp\/v2\/users\/3"}],"replies":[{"embeddable":true,"href":"https:\/\/arroyitoonline.com.ar\/index.php?rest_route=%2Fwp%2Fv2%2Fcomments&post=10160"}],"version-history":[{"count":1,"href":"https:\/\/arroyitoonline.com.ar\/index.php?rest_route=\/wp\/v2\/posts\/10160\/revisions"}],"predecessor-version":[{"id":10162,"href":"https:\/\/arroyitoonline.com.ar\/index.php?rest_route=\/wp\/v2\/posts\/10160\/revisions\/10162"}],"wp:featuredmedia":[{"embeddable":true,"href":"https:\/\/arroyitoonline.com.ar\/index.php?rest_route=\/wp\/v2\/media\/10161"}],"wp:attachment":[{"href":"https:\/\/arroyitoonline.com.ar\/index.php?rest_route=%2Fwp%2Fv2%2Fmedia&parent=10160"}],"wp:term":[{"taxonomy":"category","embeddable":true,"href":"https:\/\/arroyitoonline.com.ar\/index.php?rest_route=%2Fwp%2Fv2%2Fcategories&post=10160"},{"taxonomy":"post_tag","embeddable":true,"href":"https:\/\/arroyitoonline.com.ar\/index.php?rest_route=%2Fwp%2Fv2%2Ftags&post=10160"}],"curies":[{"name":"wp","href":"https:\/\/api.w.org\/{rel}","templated":true}]}}