{"id":10165,"date":"2020-09-21T02:39:38","date_gmt":"2020-09-21T02:39:38","guid":{"rendered":"https:\/\/arroyitoonline.com.ar\/?p=10165"},"modified":"2020-09-21T02:39:41","modified_gmt":"2020-09-21T02:39:41","slug":"covid-19-en-arroyito-dio-positivo-un-contacto-estrecho-de-los-dos-registrados-el-viernes","status":"publish","type":"post","link":"https:\/\/arroyitoonline.com.ar\/?p=10165","title":{"rendered":"Covid-19 en Arroyito: dio positivo un contacto estrecho de los dos registrados el viernes"},"content":{"rendered":"\n<p><strong>El paciente se encuentra aislado desde el s\u00e1bado. Con este nuevo caso, son tres los pacientes Covid-19 positivos actuales en esta localidad.<\/strong><\/p>\n\n\n\n<p>El Centro de Emergencias de Arroyito informa a la poblaci\u00f3n que, con respecto a los dos \u00faltimos casos positivos de Covid-19 comunicados el viernes 18 de septiembre, se realizaron 18 test r\u00e1pidos a contactos estrechos. 16 arrojaron resultados negativos y dos fueron positivos. Luego, los dos positivos fueron hisopados: uno de ellos arroj\u00f3 resultado positivo y el otro fue negativo.<\/p>\n\n\n\n<p>Este nuevo paciente se encuentra aislado desde el d\u00eda s\u00e1bado 19. Durante esta noche y ma\u00f1ana se realizan nuevos test r\u00e1pidos a sus contactos estrechos.<\/p>\n\n\n\n<p><strong>Con este nuevo caso, son tres los pacientes Covid-19 positivos actuales en la ciudad de Arroyito. El Equipo Sanitario se encuentra trabajando para el control de cada detalle en relaci\u00f3n a esta situaci\u00f3n.<\/strong><\/p>\n\n\n\n<p>Desde el CEA solicitan a la poblaci\u00f3n que contin\u00fae con las medidas de bioseguridad necesarias:\u00a0<strong>lavado de manos frecuente, distanciamiento social y uso del barbijo o tapaboca.<\/strong><\/p>\n\n\n\n<p>Fuente: Comunicaci\u00f3n y Protocolo del Gobierno Municipal.<\/p>\n","protected":false},"excerpt":{"rendered":"<p>El paciente se encuentra aislado desde el s\u00e1bado. Con este nuevo caso, son tres los pacientes Covid-19 positivos actuales en&hellip;<\/p>\n","protected":false},"author":3,"featured_media":10161,"comment_status":"closed","ping_status":"open","sticky":false,"template":"","format":"standard","meta":{"footnotes":""},"categories":[9],"tags":[1120,66,67,836,1149,1108,1102,1160,572,706],"class_list":["post-10165","post","type-post","status-publish","format-standard","has-post-thumbnail","hentry","category-infosalud","tag-aislamiento","tag-arroyito","tag-arroyito-cordoba","tag-arroyito-online","tag-centro-de-emergencias-de-arroyito","tag-coronavirus","tag-gobierno-municipal","tag-hisopados","tag-noticias-de-arroyito-y-zona","tag-salud"],"_links":{"self":[{"href":"https:\/\/arroyitoonline.com.ar\/index.php?rest_route=\/wp\/v2\/posts\/10165","targetHints":{"allow":["GET"]}}],"collection":[{"href":"https:\/\/arroyitoonline.com.ar\/index.php?rest_route=\/wp\/v2\/posts"}],"about":[{"href":"https:\/\/arroyitoonline.com.ar\/index.php?rest_route=\/wp\/v2\/types\/post"}],"author":[{"embeddable":true,"href":"https:\/\/arroyitoonline.com.ar\/index.php?rest_route=\/wp\/v2\/users\/3"}],"replies":[{"embeddable":true,"href":"https:\/\/arroyitoonline.com.ar\/index.php?rest_route=%2Fwp%2Fv2%2Fcomments&post=10165"}],"version-history":[{"count":1,"href":"https:\/\/arroyitoonline.com.ar\/index.php?rest_route=\/wp\/v2\/posts\/10165\/revisions"}],"predecessor-version":[{"id":10166,"href":"https:\/\/arroyitoonline.com.ar\/index.php?rest_route=\/wp\/v2\/posts\/10165\/revisions\/10166"}],"wp:featuredmedia":[{"embeddable":true,"href":"https:\/\/arroyitoonline.com.ar\/index.php?rest_route=\/wp\/v2\/media\/10161"}],"wp:attachment":[{"href":"https:\/\/arroyitoonline.com.ar\/index.php?rest_route=%2Fwp%2Fv2%2Fmedia&parent=10165"}],"wp:term":[{"taxonomy":"category","embeddable":true,"href":"https:\/\/arroyitoonline.com.ar\/index.php?rest_route=%2Fwp%2Fv2%2Fcategories&post=10165"},{"taxonomy":"post_tag","embeddable":true,"href":"https:\/\/arroyitoonline.com.ar\/index.php?rest_route=%2Fwp%2Fv2%2Ftags&post=10165"}],"curies":[{"name":"wp","href":"https:\/\/api.w.org\/{rel}","templated":true}]}}