{"id":10170,"date":"2020-09-21T03:07:50","date_gmt":"2020-09-21T03:07:50","guid":{"rendered":"https:\/\/arroyitoonline.com.ar\/?p=10170"},"modified":"2020-09-21T03:07:57","modified_gmt":"2020-09-21T03:07:57","slug":"sorteo-primaveron-si-haces-ecoladrillos-podes-ganar-un-limonero","status":"publish","type":"post","link":"https:\/\/arroyitoonline.com.ar\/?p=10170","title":{"rendered":"Sorteo #primaver\u00f3n: si hac\u00e9s ecoladrillos, pod\u00e9s ganar un limonero"},"content":{"rendered":"\n<p><strong>El vecino que m\u00e1s ladrillos ecol\u00f3gicos lleve al \u00e1rea de Ambiente del Gobierno Municipal, antes del viernes 25, se lleva el premio.<\/strong><\/p>\n\n\n\n<p>El \u00e1rea de Ambiente del Gobierno Municipal organiza el sorteo #primaver\u00f3n. Si fabric\u00e1s ecoladrillos, pod\u00e9s ganar. Acercalos a Rivadavia 390, de 8:00 a 13:00 horas.<\/p>\n\n\n\n<figure class=\"wp-block-image size-large\"><img loading=\"lazy\" decoding=\"async\" width=\"1024\" height=\"1024\" src=\"https:\/\/arroyitoonline.com.ar\/wp-content\/uploads\/2020\/09\/primaveron-1-1024x1024.jpg\" alt=\"\" class=\"wp-image-10171\" srcset=\"https:\/\/arroyitoonline.com.ar\/wp-content\/uploads\/2020\/09\/primaveron-1-1024x1024.jpg 1024w, https:\/\/arroyitoonline.com.ar\/wp-content\/uploads\/2020\/09\/primaveron-1-300x300.jpg 300w, https:\/\/arroyitoonline.com.ar\/wp-content\/uploads\/2020\/09\/primaveron-1-150x150.jpg 150w, https:\/\/arroyitoonline.com.ar\/wp-content\/uploads\/2020\/09\/primaveron-1-768x768.jpg 768w, https:\/\/arroyitoonline.com.ar\/wp-content\/uploads\/2020\/09\/primaveron-1-1536x1536.jpg 1536w, https:\/\/arroyitoonline.com.ar\/wp-content\/uploads\/2020\/09\/primaveron-1-scaled.jpg 2048w\" sizes=\"auto, (max-width: 1024px) 100vw, 1024px\" \/><\/figure>\n\n\n\n<p>Ten\u00e9s tiempo hasta el viernes 25 de septiembre, cuando se realizar\u00e1 el sorteo. Particip\u00e1s por un hermoso \u00e1rbol de lim\u00f3n, que ser\u00e1 para el vecino que m\u00e1s ecoladrillos lleve. <\/p>\n\n\n\n<p>Fuente: Comunicaci\u00f3n y Protocolo del Gobierno Municipal. <\/p>\n\n\n\n<p>Foto solo a modo ilustrativo.<\/p>\n","protected":false},"excerpt":{"rendered":"<p>El vecino que m\u00e1s ladrillos ecol\u00f3gicos lleve al \u00e1rea de Ambiente del Gobierno Municipal, antes del viernes 25, se lleva&hellip;<\/p>\n","protected":false},"author":3,"featured_media":8821,"comment_status":"closed","ping_status":"open","sticky":false,"template":"","format":"standard","meta":{"footnotes":""},"categories":[913],"tags":[51,1093,66,67,836,258,1102,528,572],"class_list":["post-10170","post","type-post","status-publish","format-standard","has-post-thumbnail","hentry","category-medio-ambiente","tag-ambiente","tag-area-municipal-de-ambiente-y-energia","tag-arroyito","tag-arroyito-cordoba","tag-arroyito-online","tag-cuidado-del-medio-ambiente","tag-gobierno-municipal","tag-medio-ambiente","tag-noticias-de-arroyito-y-zona"],"_links":{"self":[{"href":"https:\/\/arroyitoonline.com.ar\/index.php?rest_route=\/wp\/v2\/posts\/10170","targetHints":{"allow":["GET"]}}],"collection":[{"href":"https:\/\/arroyitoonline.com.ar\/index.php?rest_route=\/wp\/v2\/posts"}],"about":[{"href":"https:\/\/arroyitoonline.com.ar\/index.php?rest_route=\/wp\/v2\/types\/post"}],"author":[{"embeddable":true,"href":"https:\/\/arroyitoonline.com.ar\/index.php?rest_route=\/wp\/v2\/users\/3"}],"replies":[{"embeddable":true,"href":"https:\/\/arroyitoonline.com.ar\/index.php?rest_route=%2Fwp%2Fv2%2Fcomments&post=10170"}],"version-history":[{"count":1,"href":"https:\/\/arroyitoonline.com.ar\/index.php?rest_route=\/wp\/v2\/posts\/10170\/revisions"}],"predecessor-version":[{"id":10172,"href":"https:\/\/arroyitoonline.com.ar\/index.php?rest_route=\/wp\/v2\/posts\/10170\/revisions\/10172"}],"wp:featuredmedia":[{"embeddable":true,"href":"https:\/\/arroyitoonline.com.ar\/index.php?rest_route=\/wp\/v2\/media\/8821"}],"wp:attachment":[{"href":"https:\/\/arroyitoonline.com.ar\/index.php?rest_route=%2Fwp%2Fv2%2Fmedia&parent=10170"}],"wp:term":[{"taxonomy":"category","embeddable":true,"href":"https:\/\/arroyitoonline.com.ar\/index.php?rest_route=%2Fwp%2Fv2%2Fcategories&post=10170"},{"taxonomy":"post_tag","embeddable":true,"href":"https:\/\/arroyitoonline.com.ar\/index.php?rest_route=%2Fwp%2Fv2%2Ftags&post=10170"}],"curies":[{"name":"wp","href":"https:\/\/api.w.org\/{rel}","templated":true}]}}