{"id":10195,"date":"2020-09-21T17:16:22","date_gmt":"2020-09-21T17:16:22","guid":{"rendered":"https:\/\/arroyitoonline.com.ar\/?p=10195"},"modified":"2020-09-21T17:16:31","modified_gmt":"2020-09-21T17:16:31","slug":"secuestraron-un-auto-que-andaba-a-alta-velocidad-y-su-conductor-dio-positivo-en-el-control-de-alcoholemia","status":"publish","type":"post","link":"https:\/\/arroyitoonline.com.ar\/?p=10195","title":{"rendered":"Secuestraron un auto que andaba a alta velocidad y su conductor dio positivo en el control de alcoholemia"},"content":{"rendered":"\n<p><strong>Fue el s\u00e1bado a la madrugada, sobre calle San Mart\u00edn. El sujeto (29) que manejaba el Gol Trend blanco tiene domicilio en Tr\u00e1nsito.<\/strong><\/p>\n\n\n\n<p>El s\u00e1bado a las 2:30 de la madrugada, en San Martin 50, se encontraba instalado el control vehicular de personal de Polic\u00eda de la Provincia, Polic\u00eda Federal e inspectores municipales.<\/p>\n\n\n\n<p>All\u00ed observaron un Volkwagen Gol Trend blanco que andaba a alta velocidad y de manera zigzagueante por Av. Fulvio Pagani, en sentido de este a oeste. El veh\u00edculo dobl\u00f3 hacia la derecha por San Martin. En ese momento fue controlado. Su conductor, un hombre de 29 a\u00f1os domiciliado en la localidad de Tr\u00e1nsito, llevaba consigo bebida alcoh\u00f3lica.<\/p>\n\n\n\n<p>Se le realiz\u00f3 el control de alcoholemia, arrojando resultado positivo de alcohol en sangre. Por lo tanto, fue trasladado a la Comisar\u00eda local, donde se iniciaron las actuaciones sumariales, por supuesta infracci\u00f3n a los art\u00edculos 105\u00b0 (Conducci\u00f3n peligrosa) y 109\u00b0 (Conducci\u00f3n en estado de ebriedad o bajo acci\u00f3n de estupefacientes o psicof\u00e1rmacos) del C\u00f3digo de Convivencia Ciudadana Ley Provincial 10.326, y se lo notific\u00f3. Fueron secuestrados el auto y las bebidas.<\/p>\n\n\n\n<p>Fuente: informe de la oficial Insp. Soledad Torletto, Comisar\u00eda Distrito Arroyito.<\/p>\n","protected":false},"excerpt":{"rendered":"<p>Fue el s\u00e1bado a la madrugada, sobre calle San Mart\u00edn. El sujeto (29) que manejaba el Gol Trend blanco tiene&hellip;<\/p>\n","protected":false},"author":3,"featured_media":10196,"comment_status":"closed","ping_status":"open","sticky":false,"template":"","format":"standard","meta":{"footnotes":""},"categories":[824],"tags":[66,67,836,209,295,572,635,637,638,825],"class_list":["post-10195","post","type-post","status-publish","format-standard","has-post-thumbnail","hentry","category-policiales-online","tag-arroyito","tag-arroyito-cordoba","tag-arroyito-online","tag-codigo-de-convivencia-ciudadana","tag-direccion-de-transito","tag-noticias-de-arroyito-y-zona","tag-policia","tag-policiales","tag-policiales-arroyito","tag-policiales-online"],"_links":{"self":[{"href":"https:\/\/arroyitoonline.com.ar\/index.php?rest_route=\/wp\/v2\/posts\/10195","targetHints":{"allow":["GET"]}}],"collection":[{"href":"https:\/\/arroyitoonline.com.ar\/index.php?rest_route=\/wp\/v2\/posts"}],"about":[{"href":"https:\/\/arroyitoonline.com.ar\/index.php?rest_route=\/wp\/v2\/types\/post"}],"author":[{"embeddable":true,"href":"https:\/\/arroyitoonline.com.ar\/index.php?rest_route=\/wp\/v2\/users\/3"}],"replies":[{"embeddable":true,"href":"https:\/\/arroyitoonline.com.ar\/index.php?rest_route=%2Fwp%2Fv2%2Fcomments&post=10195"}],"version-history":[{"count":1,"href":"https:\/\/arroyitoonline.com.ar\/index.php?rest_route=\/wp\/v2\/posts\/10195\/revisions"}],"predecessor-version":[{"id":10197,"href":"https:\/\/arroyitoonline.com.ar\/index.php?rest_route=\/wp\/v2\/posts\/10195\/revisions\/10197"}],"wp:featuredmedia":[{"embeddable":true,"href":"https:\/\/arroyitoonline.com.ar\/index.php?rest_route=\/wp\/v2\/media\/10196"}],"wp:attachment":[{"href":"https:\/\/arroyitoonline.com.ar\/index.php?rest_route=%2Fwp%2Fv2%2Fmedia&parent=10195"}],"wp:term":[{"taxonomy":"category","embeddable":true,"href":"https:\/\/arroyitoonline.com.ar\/index.php?rest_route=%2Fwp%2Fv2%2Fcategories&post=10195"},{"taxonomy":"post_tag","embeddable":true,"href":"https:\/\/arroyitoonline.com.ar\/index.php?rest_route=%2Fwp%2Fv2%2Ftags&post=10195"}],"curies":[{"name":"wp","href":"https:\/\/api.w.org\/{rel}","templated":true}]}}