{"id":10203,"date":"2020-09-22T03:14:54","date_gmt":"2020-09-22T03:14:54","guid":{"rendered":"https:\/\/arroyitoonline.com.ar\/?p=10203"},"modified":"2020-09-22T03:15:21","modified_gmt":"2020-09-22T03:15:21","slug":"el-artista-local-cristian-ojeda-recibio-una-beca-sostener-cultura-ii-del-gobierno-nacional","status":"publish","type":"post","link":"https:\/\/arroyitoonline.com.ar\/?p=10203","title":{"rendered":"El artista local Cristian Ojeda recibi\u00f3 una Beca Sostener Cultura II del Gobierno Nacional"},"content":{"rendered":"\n<p><strong>Las becas estaban dirigidas a personas f\u00edsicas, las cuales recibieron un monto de hasta $ 30.000, en el marco de la emergencia sanitaria.<\/strong><\/p>\n\n\n\n<p>El Fondo Nacional de las Artes en conjunto con el Ministerio de Cultura de la Naci\u00f3n y Anses, lanz\u00f3 de forma excepcional y extraordinaria las \u201cBecas Sostener Cultura II\u201d.<\/p>\n\n\n\n<p>Se trata de una ayuda dirigida a integrantes de la comunidad art\u00edstica y trabajadores de la cultura, con el objetivo de acompa\u00f1arlos en este momento especial que est\u00e1 atravesando el sector, uno de los m\u00e1s afectados por la pandemia del Covid 19.<\/p>\n\n\n\n<figure class=\"wp-block-image size-large\"><img loading=\"lazy\" decoding=\"async\" width=\"650\" height=\"650\" src=\"https:\/\/arroyitoonline.com.ar\/wp-content\/uploads\/2020\/09\/beca-sostener.jpeg\" alt=\"\" class=\"wp-image-10205\" srcset=\"https:\/\/arroyitoonline.com.ar\/wp-content\/uploads\/2020\/09\/beca-sostener.jpeg 650w, https:\/\/arroyitoonline.com.ar\/wp-content\/uploads\/2020\/09\/beca-sostener-300x300.jpeg 300w, https:\/\/arroyitoonline.com.ar\/wp-content\/uploads\/2020\/09\/beca-sostener-150x150.jpeg 150w\" sizes=\"auto, (max-width: 650px) 100vw, 650px\" \/><\/figure>\n\n\n\n<p>Por su parte, la Secretar\u00eda de Educaci\u00f3n y Cultura del Municipio, extendi\u00f3 una certificaci\u00f3n de actividad art\u00edstica al Fondo Nacional de las Artes, de cada artista local que se postulaba para el acceso a las becas, obteniendo una de ellas, Cristian Ojeda, organizador del certamen Canta Arroyito.<\/p>\n\n\n\n<p>Las becas estaban dirigidas a personas f\u00edsicas, las cuales recibieron un monto de hasta $ 30.000, a los efectos de que se diera respuesta a la emergencia que estamos atravesando.<\/p>\n\n\n\n<p>Fuente: Comunicaci\u00f3n y Protocolo del Gobierno Municipal. <\/p>\n\n\n\n<p>Foto: captura Canal 3.<\/p>\n","protected":false},"excerpt":{"rendered":"<p>Las becas estaban dirigidas a personas f\u00edsicas, las cuales recibieron un monto de hasta $ 30.000, en el marco de&hellip;<\/p>\n","protected":false},"author":3,"featured_media":10204,"comment_status":"closed","ping_status":"open","sticky":false,"template":"","format":"standard","meta":{"footnotes":""},"categories":[2],"tags":[54,66,1032,67,836,259,864,857,572],"class_list":["post-10203","post","type-post","status-publish","format-standard","has-post-thumbnail","hentry","category-cultura-y-espectaculos","tag-anses","tag-arroyito","tag-arroyito-canta","tag-arroyito-cordoba","tag-arroyito-online","tag-cultura","tag-cultura-y-espectaculos-online","tag-gobierno-nacional","tag-noticias-de-arroyito-y-zona"],"_links":{"self":[{"href":"https:\/\/arroyitoonline.com.ar\/index.php?rest_route=\/wp\/v2\/posts\/10203","targetHints":{"allow":["GET"]}}],"collection":[{"href":"https:\/\/arroyitoonline.com.ar\/index.php?rest_route=\/wp\/v2\/posts"}],"about":[{"href":"https:\/\/arroyitoonline.com.ar\/index.php?rest_route=\/wp\/v2\/types\/post"}],"author":[{"embeddable":true,"href":"https:\/\/arroyitoonline.com.ar\/index.php?rest_route=\/wp\/v2\/users\/3"}],"replies":[{"embeddable":true,"href":"https:\/\/arroyitoonline.com.ar\/index.php?rest_route=%2Fwp%2Fv2%2Fcomments&post=10203"}],"version-history":[{"count":2,"href":"https:\/\/arroyitoonline.com.ar\/index.php?rest_route=\/wp\/v2\/posts\/10203\/revisions"}],"predecessor-version":[{"id":10207,"href":"https:\/\/arroyitoonline.com.ar\/index.php?rest_route=\/wp\/v2\/posts\/10203\/revisions\/10207"}],"wp:featuredmedia":[{"embeddable":true,"href":"https:\/\/arroyitoonline.com.ar\/index.php?rest_route=\/wp\/v2\/media\/10204"}],"wp:attachment":[{"href":"https:\/\/arroyitoonline.com.ar\/index.php?rest_route=%2Fwp%2Fv2%2Fmedia&parent=10203"}],"wp:term":[{"taxonomy":"category","embeddable":true,"href":"https:\/\/arroyitoonline.com.ar\/index.php?rest_route=%2Fwp%2Fv2%2Fcategories&post=10203"},{"taxonomy":"post_tag","embeddable":true,"href":"https:\/\/arroyitoonline.com.ar\/index.php?rest_route=%2Fwp%2Fv2%2Ftags&post=10203"}],"curies":[{"name":"wp","href":"https:\/\/api.w.org\/{rel}","templated":true}]}}