{"id":10208,"date":"2020-09-22T03:24:35","date_gmt":"2020-09-22T03:24:35","guid":{"rendered":"https:\/\/arroyitoonline.com.ar\/?p=10208"},"modified":"2020-09-22T03:24:40","modified_gmt":"2020-09-22T03:24:40","slug":"el-medico-psiquiatra-sanfrancisqueno-pablo-lanzetti-se-incorpora-al-staff-del-hospital-municipal","status":"publish","type":"post","link":"https:\/\/arroyitoonline.com.ar\/?p=10208","title":{"rendered":"El m\u00e9dico psiquiatra sanfrancisque\u00f1o, Pablo Lanzetti, se incorpora al staff del hospital municipal"},"content":{"rendered":"\n<p><strong>El reconocido profesional atender\u00e1 en el nosocomio, cada 15 d\u00edas, los jueves desde las 13:30 horas.<\/strong><\/p>\n\n\n\n<p><strong>El intendente Gustavo Benedetti dio la bienvenida al psiquiatra Pablo Lanzetti, quien atender\u00e1 en el Hospital Municipal Carlos J. Rodr\u00edguez<\/strong>, dando respuesta a una demanda creciente de acceso a la salud mental en nuestra ciudad.<\/p>\n\n\n\n<p><em>\u201cHasta la fecha, el hospital contaba solamente con un m\u00e9dico Psiquiatra en ejercicio y era muy necesario garantizar mayor acceso a este tipo de atenci\u00f3n para los vecinos de Arroyito, La Curva y El Fuertecito\u201d<\/em><strong>, <\/strong>dijo Benedetti, al respecto.<\/p>\n\n\n\n<p>El doctor de la localidad de San Francisco se incorpora a brindar servicio de atenci\u00f3n a la Salud Mental<strong>,\u00a0<\/strong>junto a la especialista en Psiquiatr\u00eda, Betina Almada.\u00a0<strong>Lanzetti atender\u00e1 en el nosocomio, cada 15 d\u00edas, los jueves desde las 13:30 horas.<\/strong><\/p>\n\n\n\n<p>Desde el Gobierno Municipal agradecieron la predisposici\u00f3n del m\u00e9dico, quien acept\u00f3 la propuesta de Benedetti para su incorporaci\u00f3n.<\/p>\n\n\n\n<p><em>&#8220;<strong>Seguimos trabajando con el objetivo conformar un equipo de atenci\u00f3n a la salud mental m\u00e1s amplio y de mayor accesibilidad para los vecinos&#8221;<\/strong><\/em>, finalizaron.<\/p>\n\n\n\n<p>Fuente: Comunicaci\u00f3n y Protocolo del  Gobierno Municipal.<\/p>\n","protected":false},"excerpt":{"rendered":"<p>El reconocido profesional atender\u00e1 en el nosocomio, cada 15 d\u00edas, los jueves desde las 13:30 horas. El intendente Gustavo Benedetti&hellip;<\/p>\n","protected":false},"author":3,"featured_media":10209,"comment_status":"closed","ping_status":"open","sticky":false,"template":"","format":"standard","meta":{"footnotes":""},"categories":[9],"tags":[66,67,836,1102,426,572,706,707],"class_list":["post-10208","post","type-post","status-publish","format-standard","has-post-thumbnail","hentry","category-infosalud","tag-arroyito","tag-arroyito-cordoba","tag-arroyito-online","tag-gobierno-municipal","tag-hospital","tag-noticias-de-arroyito-y-zona","tag-salud","tag-salud-mental"],"_links":{"self":[{"href":"https:\/\/arroyitoonline.com.ar\/index.php?rest_route=\/wp\/v2\/posts\/10208","targetHints":{"allow":["GET"]}}],"collection":[{"href":"https:\/\/arroyitoonline.com.ar\/index.php?rest_route=\/wp\/v2\/posts"}],"about":[{"href":"https:\/\/arroyitoonline.com.ar\/index.php?rest_route=\/wp\/v2\/types\/post"}],"author":[{"embeddable":true,"href":"https:\/\/arroyitoonline.com.ar\/index.php?rest_route=\/wp\/v2\/users\/3"}],"replies":[{"embeddable":true,"href":"https:\/\/arroyitoonline.com.ar\/index.php?rest_route=%2Fwp%2Fv2%2Fcomments&post=10208"}],"version-history":[{"count":1,"href":"https:\/\/arroyitoonline.com.ar\/index.php?rest_route=\/wp\/v2\/posts\/10208\/revisions"}],"predecessor-version":[{"id":10210,"href":"https:\/\/arroyitoonline.com.ar\/index.php?rest_route=\/wp\/v2\/posts\/10208\/revisions\/10210"}],"wp:featuredmedia":[{"embeddable":true,"href":"https:\/\/arroyitoonline.com.ar\/index.php?rest_route=\/wp\/v2\/media\/10209"}],"wp:attachment":[{"href":"https:\/\/arroyitoonline.com.ar\/index.php?rest_route=%2Fwp%2Fv2%2Fmedia&parent=10208"}],"wp:term":[{"taxonomy":"category","embeddable":true,"href":"https:\/\/arroyitoonline.com.ar\/index.php?rest_route=%2Fwp%2Fv2%2Fcategories&post=10208"},{"taxonomy":"post_tag","embeddable":true,"href":"https:\/\/arroyitoonline.com.ar\/index.php?rest_route=%2Fwp%2Fv2%2Ftags&post=10208"}],"curies":[{"name":"wp","href":"https:\/\/api.w.org\/{rel}","templated":true}]}}