{"id":10214,"date":"2020-09-22T17:31:47","date_gmt":"2020-09-22T17:31:47","guid":{"rendered":"https:\/\/arroyitoonline.com.ar\/?p=10214"},"modified":"2020-09-22T17:31:51","modified_gmt":"2020-09-22T17:31:51","slug":"el-pediatra-victor-costilla-atendera-en-las-postas-de-salud-sur-de-el-fuertecito-y-la-curva","status":"publish","type":"post","link":"https:\/\/arroyitoonline.com.ar\/?p=10214","title":{"rendered":"El pediatra V\u00edctor Costilla atender\u00e1 en las postas de Salud Sur, de El Fuertecito y La Curva"},"content":{"rendered":"\n<p><strong>Adem\u00e1s, profesionales del Centro de Apoyo al Ni\u00f1o y a la Familia \u201cVirgen Ni\u00f1a\u201d comenzar\u00e1n a trabajar en los centros de Salud Norte, Sur, El Fuertecito y La Curva.\u00a0\u00a0<\/strong><\/p>\n\n\n\n<p>En el marco de la pandemia, el equipo interdisciplinario de profesionales del Centro de Apoyo al Ni\u00f1o y a la Familia \u201cVirgen Ni\u00f1a\u201d comenzar\u00e1 a trabajar en los centros de Salud Norte, Sur, El Fuertecito y La Curva.\u00a0\u00a0 <\/p>\n\n\n\n<p>Brindar\u00e1n servicio\u00a0<strong>psicosocial, estimulaci\u00f3n temprana, valoraci\u00f3n nutricional para la mam\u00e1 y la ni\u00f1ez, prevenci\u00f3n de enfermedades, con atenci\u00f3n y orientaci\u00f3n a embarazadas, ni\u00f1os y adolescentes.<\/strong><\/p>\n\n\n\n<figure class=\"wp-block-image\"><img decoding=\"async\" src=\"https:\/\/www.municipioarroyito.gob.ar\/wp-content\/uploads\/2020\/09\/el-fuerte-prof-1024x682.jpeg\" alt=\"\" class=\"wp-image-29148\"\/><\/figure>\n\n\n\n<p>El servicio ser\u00e1 itinerante, <strong>de 9:00 a 13:00 horas los d\u00edas viernes. El primer viernes de cada mes estar\u00e1n en la Posta Sur Rub\u00e9n Miretti; el segundo viernes en la Posta de La Curva; el tercero en el centro de Salud de El Fuertecito; y el cuarto viernes, en el Centro de Salud Norte Carlos Vieyra.<\/strong>\u00a0Por su parte, el viernes pasado empezaron con las tareas en la Posta de El Fuertecito.<\/p>\n\n\n\n<p>El equipo est\u00e1 integrado por trabajadora Social, Lic. Magliano; nutricionista; Lic. Ju\u00e1rez; psicomotricista, Prof. Trucco; y psic\u00f3loga, Lic. Cerutti.<\/p>\n\n\n\n<p>Por otra parte, el\u00a0<strong>m\u00e9dico V\u00edctor Costilla brindar\u00e1 el servicio de Pediatr\u00eda en la postas Sur, de El Fuertecito y de La Curva, un d\u00eda por semana,<\/strong>\u00a0dando respuesta la demanda de la poblaci\u00f3n y acercando este tan necesario servicio de salud.<\/p>\n\n\n\n<figure class=\"wp-block-image\"><img decoding=\"async\" src=\"https:\/\/www.municipioarroyito.gob.ar\/wp-content\/uploads\/2020\/09\/el-fuerte-1-1024x682.jpeg\" alt=\"\" class=\"wp-image-29149\"\/><\/figure>\n\n\n\n<p>Adem\u00e1s<strong>, se articular\u00e1 con un relevamiento <strong>sobre atenci\u00f3n primaria de la salud<\/strong><\/strong>, <strong>que realizar\u00e1 el Hospital Municipal Carlos J. Rodr\u00edguez, a cargo de la coordinadora de las postas de Salud, Dra. S\u00e1nchez, que inici\u00f3 hoy martes 22 de septiembre en La Curva y en El Fuertecito<\/strong>.<\/p>\n\n\n\n<p>El objetivo de este relevamiento es el estudio de las condiciones vida y h\u00e1bitos de la poblaci\u00f3n, para trabajar con los sectores que m\u00e1s lo necesiten.<\/p>\n\n\n\n<figure class=\"wp-block-image\"><img decoding=\"async\" src=\"https:\/\/www.municipioarroyito.gob.ar\/wp-content\/uploads\/2020\/09\/el-fuerte-5-1024x686.jpeg\" alt=\"\" class=\"wp-image-29146\"\/><\/figure>\n\n\n\n<p><strong><em>\u201cDisponemos de este equipo excelente, para ayudar directamente a los vecinos a trav\u00e9s de las postas de Salud\u201d<\/em><\/strong>, estableci\u00f3 en intendente Gustavo Benedetti.<\/p>\n\n\n\n<p>Fuente: Comunicaci\u00f3n y Protocolo del Gobierno Municipal. <\/p>\n","protected":false},"excerpt":{"rendered":"<p>Adem\u00e1s, profesionales del Centro de Apoyo al Ni\u00f1o y a la Familia \u201cVirgen Ni\u00f1a\u201d comenzar\u00e1n a trabajar en los centros&hellip;<\/p>\n","protected":false},"author":3,"featured_media":10215,"comment_status":"closed","ping_status":"open","sticky":false,"template":"","format":"standard","meta":{"footnotes":""},"categories":[9],"tags":[66,67,836,171,174,946,1003,1102,426,572,1023,1073,706],"class_list":["post-10214","post","type-post","status-publish","format-standard","has-post-thumbnail","hentry","category-infosalud","tag-arroyito","tag-arroyito-cordoba","tag-arroyito-online","tag-centro-de-apoyo-al-nino-y-la-familia-virgen-nina","tag-centro-de-salud-dr-carlos-e-vieyra","tag-centro-de-salud-dr-ruben-miretti","tag-centro-de-salud-santa-teresita","tag-gobierno-municipal","tag-hospital","tag-noticias-de-arroyito-y-zona","tag-posta-de-salud-sur-dr-ruben-miretti","tag-posta-sanitaria-dr-raul-zaya-la-curva","tag-salud"],"_links":{"self":[{"href":"https:\/\/arroyitoonline.com.ar\/index.php?rest_route=\/wp\/v2\/posts\/10214","targetHints":{"allow":["GET"]}}],"collection":[{"href":"https:\/\/arroyitoonline.com.ar\/index.php?rest_route=\/wp\/v2\/posts"}],"about":[{"href":"https:\/\/arroyitoonline.com.ar\/index.php?rest_route=\/wp\/v2\/types\/post"}],"author":[{"embeddable":true,"href":"https:\/\/arroyitoonline.com.ar\/index.php?rest_route=\/wp\/v2\/users\/3"}],"replies":[{"embeddable":true,"href":"https:\/\/arroyitoonline.com.ar\/index.php?rest_route=%2Fwp%2Fv2%2Fcomments&post=10214"}],"version-history":[{"count":1,"href":"https:\/\/arroyitoonline.com.ar\/index.php?rest_route=\/wp\/v2\/posts\/10214\/revisions"}],"predecessor-version":[{"id":10216,"href":"https:\/\/arroyitoonline.com.ar\/index.php?rest_route=\/wp\/v2\/posts\/10214\/revisions\/10216"}],"wp:featuredmedia":[{"embeddable":true,"href":"https:\/\/arroyitoonline.com.ar\/index.php?rest_route=\/wp\/v2\/media\/10215"}],"wp:attachment":[{"href":"https:\/\/arroyitoonline.com.ar\/index.php?rest_route=%2Fwp%2Fv2%2Fmedia&parent=10214"}],"wp:term":[{"taxonomy":"category","embeddable":true,"href":"https:\/\/arroyitoonline.com.ar\/index.php?rest_route=%2Fwp%2Fv2%2Fcategories&post=10214"},{"taxonomy":"post_tag","embeddable":true,"href":"https:\/\/arroyitoonline.com.ar\/index.php?rest_route=%2Fwp%2Fv2%2Ftags&post=10214"}],"curies":[{"name":"wp","href":"https:\/\/api.w.org\/{rel}","templated":true}]}}