{"id":10217,"date":"2020-09-23T02:42:28","date_gmt":"2020-09-23T02:42:28","guid":{"rendered":"https:\/\/arroyitoonline.com.ar\/?p=10217"},"modified":"2020-09-23T14:48:04","modified_gmt":"2020-09-23T14:48:04","slug":"covid-19-en-arroyito-se-suman-dos-nuevos-casos-positivos","status":"publish","type":"post","link":"https:\/\/arroyitoonline.com.ar\/?p=10217","title":{"rendered":"Covid-19 en Arroyito: se suman dos nuevos casos positivos, que hacen un total de cinco"},"content":{"rendered":"\n<p><strong>Hay 23 contactos estrechos aislados, una persona en aislamiento intermedio y otra hospitalizada con s\u00edntomas, pero sin nexo epidemiol\u00f3gico.<\/strong><\/p>\n\n\n\n<p>Esta noche, el Centro de Emergencias Arroyito inform\u00f3 que se registraron dos nuevos casos positivos de Covid-19 en nuestra ciudad, haciendo un total de cinco activos, a la fecha. <\/p>\n\n\n\n<p>Adem\u00e1s, el CEA explic\u00f3 que ya se realizaron 249 hisopados. Hay 23 contactos estrechos aislados y una persona en aislamiento intermedio que est\u00e1 hospitalizada con s\u00edntomas, pero sin nexo epidemiol\u00f3gico, aguardando el resultado del hisopado. Adem\u00e1s, a nivel local, no se produjeron fallecimientos por coronavirus y cuatro pacientes ya se recuperaron.<\/p>\n\n\n\n<p>Fuente: CEA.<\/p>\n","protected":false},"excerpt":{"rendered":"<p>Hay 23 contactos estrechos aislados, una persona en aislamiento intermedio y otra hospitalizada con s\u00edntomas, pero sin nexo epidemiol\u00f3gico. Esta&hellip;<\/p>\n","protected":false},"author":3,"featured_media":10218,"comment_status":"closed","ping_status":"open","sticky":false,"template":"","format":"standard","meta":{"footnotes":""},"categories":[9],"tags":[1120,66,67,836,1149,1108,1152,1102,426,706],"class_list":["post-10217","post","type-post","status-publish","format-standard","has-post-thumbnail","hentry","category-infosalud","tag-aislamiento","tag-arroyito","tag-arroyito-cordoba","tag-arroyito-online","tag-centro-de-emergencias-de-arroyito","tag-coronavirus","tag-covid-19","tag-gobierno-municipal","tag-hospital","tag-salud"],"_links":{"self":[{"href":"https:\/\/arroyitoonline.com.ar\/index.php?rest_route=\/wp\/v2\/posts\/10217","targetHints":{"allow":["GET"]}}],"collection":[{"href":"https:\/\/arroyitoonline.com.ar\/index.php?rest_route=\/wp\/v2\/posts"}],"about":[{"href":"https:\/\/arroyitoonline.com.ar\/index.php?rest_route=\/wp\/v2\/types\/post"}],"author":[{"embeddable":true,"href":"https:\/\/arroyitoonline.com.ar\/index.php?rest_route=\/wp\/v2\/users\/3"}],"replies":[{"embeddable":true,"href":"https:\/\/arroyitoonline.com.ar\/index.php?rest_route=%2Fwp%2Fv2%2Fcomments&post=10217"}],"version-history":[{"count":3,"href":"https:\/\/arroyitoonline.com.ar\/index.php?rest_route=\/wp\/v2\/posts\/10217\/revisions"}],"predecessor-version":[{"id":10226,"href":"https:\/\/arroyitoonline.com.ar\/index.php?rest_route=\/wp\/v2\/posts\/10217\/revisions\/10226"}],"wp:featuredmedia":[{"embeddable":true,"href":"https:\/\/arroyitoonline.com.ar\/index.php?rest_route=\/wp\/v2\/media\/10218"}],"wp:attachment":[{"href":"https:\/\/arroyitoonline.com.ar\/index.php?rest_route=%2Fwp%2Fv2%2Fmedia&parent=10217"}],"wp:term":[{"taxonomy":"category","embeddable":true,"href":"https:\/\/arroyitoonline.com.ar\/index.php?rest_route=%2Fwp%2Fv2%2Fcategories&post=10217"},{"taxonomy":"post_tag","embeddable":true,"href":"https:\/\/arroyitoonline.com.ar\/index.php?rest_route=%2Fwp%2Fv2%2Ftags&post=10217"}],"curies":[{"name":"wp","href":"https:\/\/api.w.org\/{rel}","templated":true}]}}