{"id":10221,"date":"2020-09-23T03:23:32","date_gmt":"2020-09-23T03:23:32","guid":{"rendered":"https:\/\/arroyitoonline.com.ar\/?p=10221"},"modified":"2020-09-23T03:23:37","modified_gmt":"2020-09-23T03:23:37","slug":"24-sin-procesion-por-la-pandemia-la-virgen-recorrera-las-calles-de-la-ciudad-seguida-de-una-caravana","status":"publish","type":"post","link":"https:\/\/arroyitoonline.com.ar\/?p=10221","title":{"rendered":"24 sin procesi\u00f3n: por la pandemia, la virgen recorrer\u00e1 las calles de la ciudad seguida de una caravana"},"content":{"rendered":"\n<p><strong>Por el Covid-19, este a\u00f1o no se realizar\u00e1 la peregrinaci\u00f3n de fieles marianos. En cambio, las burbujas familiares podr\u00e1n seguir a Mar\u00eda de la Merced en sus autos.<\/strong><\/p>\n\n\n\n<p>El contexto de pandemia, han cambiado la vida y las costumbres de muchos argentinos. Tal es el caso de las fechas patrias y religiosas, que reemplazaron actos masivos por transmisiones en las redes sociales. A horas del 24 de Septiembre, d\u00eda no laborable por conmemorarse la Fiesta Patronal de Arroyito, hubo anuncios en torno a los tradicionales eventos. <\/p>\n\n\n\n<p>Este a\u00f1o no habr\u00e1 procesi\u00f3n en honor a Nuestra Se\u00f1ora de la Merced. En cambio, la Parroquia juntamente con el Gobierno Municipal, opt\u00f3 por la realizaci\u00f3n de una caravana de autos que ir\u00e1 detr\u00e1s de la imagen de la virgen. Las agrupaciones gauchas tambi\u00e9n ser\u00e1n parte, representadas por los estandartes, tomando todos los recaudos sanitarios.  <\/p>\n\n\n\n<p>El jueves 24, a las 16:00, dar\u00e1 inicio la misa y, a las 16:45, comenzar\u00e1 la caravana, cuyo <a href=\"https:\/\/www.google.com\/maps\/d\/u\/0\/viewer?mid=1ms-CNahSWnd0M-HnQ-6Tr86dwJcuLuIY&amp;ll=-31.42092362935947%2C-63.05266975817809&amp;z=14\" target=\"_blank\" rel=\"noreferrer noopener\">recorrido<\/a> ser\u00e1 extenso, conformando un anillo, con las precauciones y cuidados necesarios. <em>&#8220;Mucha gente va a colaborar, para que tengamos una fiesta distinta, pero una fiesta llena de gozo&#8221;<\/em>, se\u00f1al\u00f3 padre Gabriel Camusso, cura p\u00e1rroco local, en conferencia de prensa. <\/p>\n\n\n\n<div class=\"wp-block-image\"><figure class=\"aligncenter size-large\"><img loading=\"lazy\" decoding=\"async\" width=\"897\" height=\"513\" src=\"https:\/\/arroyitoonline.com.ar\/wp-content\/uploads\/2020\/09\/recorrido-caravana-24-sept.-1.png\" alt=\"\" class=\"wp-image-10224\" srcset=\"https:\/\/arroyitoonline.com.ar\/wp-content\/uploads\/2020\/09\/recorrido-caravana-24-sept.-1.png 897w, https:\/\/arroyitoonline.com.ar\/wp-content\/uploads\/2020\/09\/recorrido-caravana-24-sept.-1-300x172.png 300w, https:\/\/arroyitoonline.com.ar\/wp-content\/uploads\/2020\/09\/recorrido-caravana-24-sept.-1-768x439.png 768w\" sizes=\"auto, (max-width: 897px) 100vw, 897px\" \/><figcaption><em>As\u00ed ser\u00e1 el extenso <a href=\"https:\/\/www.google.com\/maps\/d\/u\/0\/viewer?mid=1ms-CNahSWnd0M-HnQ-6Tr86dwJcuLuIY&amp;ll=-31.42092362935947%2C-63.05266975817809&amp;z=14\" target=\"_blank\" rel=\"noreferrer noopener\">recorrido<\/a> de la virgen, en a\u00f1o de pandemia.<\/em><\/figcaption><\/figure><\/div>\n\n\n\n<p>Es importante destacar que, en cada veh\u00edculo, tiene que ir solo &#8220;la burbuja&#8221;. Es decir, el grupo familiar que convive en este tiempo de pandemia. No pueden sumarse vecinos o amigos.<\/p>\n\n\n\n<p>Adem\u00e1s, luego de la caravana, no habr\u00e1 ning\u00fan tipo de actividad frente a la Parroquia, <em>&#8220;porque tenemos que seguirnos cuidando&#8221;<\/em>, dijo el sacerdote. <\/p>\n\n\n\n<p>En la misma rueda de medios, el intendente Gustavo Benedetti pidi\u00f3 <em>&#8220;Que no vengan los familiares que son de otro pueblo&#8221;<\/em>, y remarc\u00f3 que <em>&#8220;Es importante porque se est\u00e1 continuando con algo que es la historia de nuestra ciudad, desde sus inicios. Y por la emergencia, esta vez no solo andar\u00e1 por el centro, sino por toda la ciudad&#8221;<\/em>. <\/p>\n\n\n\n<p>Por \u00faltimo, Camusso advirti\u00f3 que<em> &#8220;Hemos tomado consciencia en el cuidado de la cantidad de gente que viene. Si no entramos en la Iglesia tendremos sillas en el atrio, como lo est\u00e1n haciendo en otros lado. No nos visiten, porque si nos cuidamos, cuidamos al hermano&#8221;<\/em>. <\/p>\n\n\n\n<p>La foto es gentileza de <strong>Lente Cat\u00f3lico<\/strong>. Agradecemos a <em>Benjam\u00edn Farnochi<\/em>.<\/p>\n","protected":false},"excerpt":{"rendered":"<p>Por el Covid-19, este a\u00f1o no se realizar\u00e1 la peregrinaci\u00f3n de fieles marianos. En cambio, las burbujas familiares podr\u00e1n seguir&hellip;<\/p>\n","protected":false},"author":3,"featured_media":10222,"comment_status":"closed","ping_status":"open","sticky":false,"template":"","format":"standard","meta":{"footnotes":""},"categories":[935],"tags":[66,67,836,1152,261,375,1102,572,936,811],"class_list":["post-10221","post","type-post","status-publish","format-standard","has-post-thumbnail","hentry","category-religion","tag-arroyito","tag-arroyito-cordoba","tag-arroyito-online","tag-covid-19","tag-cura","tag-fiesta-patronal","tag-gobierno-municipal","tag-noticias-de-arroyito-y-zona","tag-religion-2","tag-virgen"],"_links":{"self":[{"href":"https:\/\/arroyitoonline.com.ar\/index.php?rest_route=\/wp\/v2\/posts\/10221","targetHints":{"allow":["GET"]}}],"collection":[{"href":"https:\/\/arroyitoonline.com.ar\/index.php?rest_route=\/wp\/v2\/posts"}],"about":[{"href":"https:\/\/arroyitoonline.com.ar\/index.php?rest_route=\/wp\/v2\/types\/post"}],"author":[{"embeddable":true,"href":"https:\/\/arroyitoonline.com.ar\/index.php?rest_route=\/wp\/v2\/users\/3"}],"replies":[{"embeddable":true,"href":"https:\/\/arroyitoonline.com.ar\/index.php?rest_route=%2Fwp%2Fv2%2Fcomments&post=10221"}],"version-history":[{"count":1,"href":"https:\/\/arroyitoonline.com.ar\/index.php?rest_route=\/wp\/v2\/posts\/10221\/revisions"}],"predecessor-version":[{"id":10225,"href":"https:\/\/arroyitoonline.com.ar\/index.php?rest_route=\/wp\/v2\/posts\/10221\/revisions\/10225"}],"wp:featuredmedia":[{"embeddable":true,"href":"https:\/\/arroyitoonline.com.ar\/index.php?rest_route=\/wp\/v2\/media\/10222"}],"wp:attachment":[{"href":"https:\/\/arroyitoonline.com.ar\/index.php?rest_route=%2Fwp%2Fv2%2Fmedia&parent=10221"}],"wp:term":[{"taxonomy":"category","embeddable":true,"href":"https:\/\/arroyitoonline.com.ar\/index.php?rest_route=%2Fwp%2Fv2%2Fcategories&post=10221"},{"taxonomy":"post_tag","embeddable":true,"href":"https:\/\/arroyitoonline.com.ar\/index.php?rest_route=%2Fwp%2Fv2%2Ftags&post=10221"}],"curies":[{"name":"wp","href":"https:\/\/api.w.org\/{rel}","templated":true}]}}