{"id":10227,"date":"2020-09-23T19:21:47","date_gmt":"2020-09-23T19:21:47","guid":{"rendered":"https:\/\/arroyitoonline.com.ar\/?p=10227"},"modified":"2020-09-23T19:21:54","modified_gmt":"2020-09-23T19:21:54","slug":"24-de-septiembre-suspenden-la-caravana-en-honor-a-nuestra-senora-de-la-merced","status":"publish","type":"post","link":"https:\/\/arroyitoonline.com.ar\/?p=10227","title":{"rendered":"24 de Septiembre: suspenden la caravana en honor a Nuestra Se\u00f1ora de la Merced"},"content":{"rendered":"\n<p><strong>Es por la preocupante situaci\u00f3n sanitaria del pa\u00eds y la provincia, de la cual no es ajena Arroyito. Las misas ser\u00e1n a las 9:00, 11:00 y 16:00 horas.<\/strong><\/p>\n\n\n\n<p>Esta ma\u00f1ana, el cura p\u00e1rroco local, presb\u00edtero Gabriel Camusso, anunci\u00f3 que suspendieron la caravana en honor a Nuestra Se\u00f1ora de la Merced, prevista para ma\u00f1ana jueves 24 de septiembre, en el marco de la Fiesta Patronal. Es por la preocupante situaci\u00f3n sanitaria del pa\u00eds y la provincia, de la cual no es ajena Arroyito.<\/p>\n\n\n\n<p>Luego de mantener di\u00e1logos con el obispo diocesano, Mons. Sergio Buenanueva; las autoridades sanitarias y de seguridad, como la Polic\u00eda, y con el intendente, Gustavo Benedetti, el sacerdote tomo est\u00e1 decisi\u00f3n <em>&#8220;con mucho dolor&#8221;<\/em>.<\/p>\n\n\n\n<p>Pero la consider\u00f3 una determinaci\u00f3n <em>&#8220;responsable, ya que queremos acercarnos a la preocupaci\u00f3n de nuestros sanitaristas en el pa\u00eds, a la preocupaci\u00f3n de las autoridades por cuidar de nosotros, y tambi\u00e9n nosotros, cuidarnos unos a otros&#8221;<\/em>.<\/p>\n\n\n\n<p>Asimismo, la iglesia c\u00e9ntrica permanecer\u00e1 abierta durante todo el d\u00eda 24, para que los fieles saluden a Mar\u00eda de la Merced. Los horarios de misas se mantendr\u00e1n tal cual estaban programados: a las 9:00, a las 11:00 y a las 16:00 horas. <\/p>\n","protected":false},"excerpt":{"rendered":"<p>Es por la preocupante situaci\u00f3n sanitaria del pa\u00eds y la provincia, de la cual no es ajena Arroyito. Las misas&hellip;<\/p>\n","protected":false},"author":3,"featured_media":10228,"comment_status":"closed","ping_status":"open","sticky":false,"template":"","format":"standard","meta":{"footnotes":""},"categories":[935],"tags":[1120,66,67,836,1149,1108,1152,261,375,1102,572,941,936],"class_list":["post-10227","post","type-post","status-publish","format-standard","has-post-thumbnail","hentry","category-religion","tag-aislamiento","tag-arroyito","tag-arroyito-cordoba","tag-arroyito-online","tag-centro-de-emergencias-de-arroyito","tag-coronavirus","tag-covid-19","tag-cura","tag-fiesta-patronal","tag-gobierno-municipal","tag-noticias-de-arroyito-y-zona","tag-parroquia-nuestra-senora-de-la-merced","tag-religion-2"],"_links":{"self":[{"href":"https:\/\/arroyitoonline.com.ar\/index.php?rest_route=\/wp\/v2\/posts\/10227","targetHints":{"allow":["GET"]}}],"collection":[{"href":"https:\/\/arroyitoonline.com.ar\/index.php?rest_route=\/wp\/v2\/posts"}],"about":[{"href":"https:\/\/arroyitoonline.com.ar\/index.php?rest_route=\/wp\/v2\/types\/post"}],"author":[{"embeddable":true,"href":"https:\/\/arroyitoonline.com.ar\/index.php?rest_route=\/wp\/v2\/users\/3"}],"replies":[{"embeddable":true,"href":"https:\/\/arroyitoonline.com.ar\/index.php?rest_route=%2Fwp%2Fv2%2Fcomments&post=10227"}],"version-history":[{"count":1,"href":"https:\/\/arroyitoonline.com.ar\/index.php?rest_route=\/wp\/v2\/posts\/10227\/revisions"}],"predecessor-version":[{"id":10229,"href":"https:\/\/arroyitoonline.com.ar\/index.php?rest_route=\/wp\/v2\/posts\/10227\/revisions\/10229"}],"wp:featuredmedia":[{"embeddable":true,"href":"https:\/\/arroyitoonline.com.ar\/index.php?rest_route=\/wp\/v2\/media\/10228"}],"wp:attachment":[{"href":"https:\/\/arroyitoonline.com.ar\/index.php?rest_route=%2Fwp%2Fv2%2Fmedia&parent=10227"}],"wp:term":[{"taxonomy":"category","embeddable":true,"href":"https:\/\/arroyitoonline.com.ar\/index.php?rest_route=%2Fwp%2Fv2%2Fcategories&post=10227"},{"taxonomy":"post_tag","embeddable":true,"href":"https:\/\/arroyitoonline.com.ar\/index.php?rest_route=%2Fwp%2Fv2%2Ftags&post=10227"}],"curies":[{"name":"wp","href":"https:\/\/api.w.org\/{rel}","templated":true}]}}