{"id":10234,"date":"2020-09-24T14:17:44","date_gmt":"2020-09-24T14:17:44","guid":{"rendered":"https:\/\/arroyitoonline.com.ar\/?p=10234"},"modified":"2020-09-24T14:18:23","modified_gmt":"2020-09-24T14:18:23","slug":"24-de-septiembre-como-sera-el-funcionamiento-de-los-servicios-publicos","status":"publish","type":"post","link":"https:\/\/arroyitoonline.com.ar\/?p=10234","title":{"rendered":"24 de Septiembre: c\u00f3mo ser\u00e1 el funcionamiento de los servicios p\u00fablicos"},"content":{"rendered":"\n<p><strong>La recolecci\u00f3n domiciliaria de residuos ser\u00e1 normal, pero la de Poda y Escombros se traslada al s\u00e1bado 26.<\/strong><\/p>\n\n\n\n<p>Este jueves 24 de Septiembre, d\u00eda no laborable en virtud de celebrarse la Fiesta Patronal de Arroyito, en homenaje a Nuestra Se\u00f1ora de la Merced, la Secretar\u00eda de Servicios P\u00fablicos solo <strong>realizar\u00e1 la recolecci\u00f3n domiciliaria de residuos de manera normal.<\/strong><\/p>\n\n\n\n<figure class=\"wp-block-image size-large\"><img loading=\"lazy\" decoding=\"async\" width=\"1024\" height=\"1024\" src=\"https:\/\/arroyitoonline.com.ar\/wp-content\/uploads\/2020\/09\/recolecci\u00f3n-residuos-poda-1024x1024.jpeg\" alt=\"\" class=\"wp-image-10237\" srcset=\"https:\/\/arroyitoonline.com.ar\/wp-content\/uploads\/2020\/09\/recolecci\u00f3n-residuos-poda-1024x1024.jpeg 1024w, https:\/\/arroyitoonline.com.ar\/wp-content\/uploads\/2020\/09\/recolecci\u00f3n-residuos-poda-300x300.jpeg 300w, https:\/\/arroyitoonline.com.ar\/wp-content\/uploads\/2020\/09\/recolecci\u00f3n-residuos-poda-150x150.jpeg 150w, https:\/\/arroyitoonline.com.ar\/wp-content\/uploads\/2020\/09\/recolecci\u00f3n-residuos-poda-768x768.jpeg 768w, https:\/\/arroyitoonline.com.ar\/wp-content\/uploads\/2020\/09\/recolecci\u00f3n-residuos-poda.jpeg 1280w\" sizes=\"auto, (max-width: 1024px) 100vw, 1024px\" \/><\/figure>\n\n\n\n<p><strong>Por su parte, la recolecci\u00f3n de poda y escombros del 24 de septiembre se concretar\u00e1 el s\u00e1bado 26.<\/strong><\/p>\n\n\n\n<p>Fuente: Comunicaci\u00f3n y Protocolo del Gobierno Municipal. <\/p>\n","protected":false},"excerpt":{"rendered":"<p>La recolecci\u00f3n domiciliaria de residuos ser\u00e1 normal, pero la de Poda y Escombros se traslada al s\u00e1bado 26. Este jueves&hellip;<\/p>\n","protected":false},"author":3,"featured_media":2563,"comment_status":"closed","ping_status":"open","sticky":false,"template":"","format":"standard","meta":{"footnotes":""},"categories":[879],"tags":[66,67,836,1102,572,675,731,732],"class_list":["post-10234","post","type-post","status-publish","format-standard","has-post-thumbnail","hentry","category-servicios-publicos","tag-arroyito","tag-arroyito-cordoba","tag-arroyito-online","tag-gobierno-municipal","tag-noticias-de-arroyito-y-zona","tag-recoleccion-de-residuos","tag-servicios","tag-servicios-publicos"],"_links":{"self":[{"href":"https:\/\/arroyitoonline.com.ar\/index.php?rest_route=\/wp\/v2\/posts\/10234","targetHints":{"allow":["GET"]}}],"collection":[{"href":"https:\/\/arroyitoonline.com.ar\/index.php?rest_route=\/wp\/v2\/posts"}],"about":[{"href":"https:\/\/arroyitoonline.com.ar\/index.php?rest_route=\/wp\/v2\/types\/post"}],"author":[{"embeddable":true,"href":"https:\/\/arroyitoonline.com.ar\/index.php?rest_route=\/wp\/v2\/users\/3"}],"replies":[{"embeddable":true,"href":"https:\/\/arroyitoonline.com.ar\/index.php?rest_route=%2Fwp%2Fv2%2Fcomments&post=10234"}],"version-history":[{"count":2,"href":"https:\/\/arroyitoonline.com.ar\/index.php?rest_route=\/wp\/v2\/posts\/10234\/revisions"}],"predecessor-version":[{"id":10238,"href":"https:\/\/arroyitoonline.com.ar\/index.php?rest_route=\/wp\/v2\/posts\/10234\/revisions\/10238"}],"wp:featuredmedia":[{"embeddable":true,"href":"https:\/\/arroyitoonline.com.ar\/index.php?rest_route=\/wp\/v2\/media\/2563"}],"wp:attachment":[{"href":"https:\/\/arroyitoonline.com.ar\/index.php?rest_route=%2Fwp%2Fv2%2Fmedia&parent=10234"}],"wp:term":[{"taxonomy":"category","embeddable":true,"href":"https:\/\/arroyitoonline.com.ar\/index.php?rest_route=%2Fwp%2Fv2%2Fcategories&post=10234"},{"taxonomy":"post_tag","embeddable":true,"href":"https:\/\/arroyitoonline.com.ar\/index.php?rest_route=%2Fwp%2Fv2%2Ftags&post=10234"}],"curies":[{"name":"wp","href":"https:\/\/api.w.org\/{rel}","templated":true}]}}