{"id":10254,"date":"2020-09-25T14:53:30","date_gmt":"2020-09-25T14:53:30","guid":{"rendered":"https:\/\/arroyitoonline.com.ar\/?p=10254"},"modified":"2020-09-25T14:53:34","modified_gmt":"2020-09-25T14:53:34","slug":"el-hospital-municipal-releva-y-encuesta-a-vecinos-de-el-fuertecito-y-la-curva","status":"publish","type":"post","link":"https:\/\/arroyitoonline.com.ar\/?p=10254","title":{"rendered":"El hospital municipal releva y encuesta a vecinos de El Fuertecito y La Curva"},"content":{"rendered":"\n<p><strong>Los datos ser\u00e1n analizados con motivo de hacer un trabajo en pol\u00edticas dise\u00f1adas para los sectores que m\u00e1s lo necesiten.<\/strong><\/p>\n\n\n\n<p>El Hospital Municipal Carlos J. Rodr\u00edguez informa que personal de sanidad, se encuentra recorriendo el Fuertecito, con el objetivo de la realizaci\u00f3n de una encuesta sobre condiciones de vida, h\u00e1bitos de la poblaci\u00f3n, salud y situaci\u00f3n socioecon\u00f3mica.<\/p>\n\n\n\n<p>Este relevamiento est\u00e1 a cargo de la coordinadora de las Postas de Salud, Dra. S\u00e1nchez, y se realizar\u00e1 tambi\u00e9n en La Curva.<br><strong><br>Los datos ser\u00e1n analizados con motivo de hacer un trabajo en pol\u00edticas dise\u00f1adas para los sectores que m\u00e1s lo necesiten.<\/strong><\/p>\n\n\n\n<p>Fuente: Comunicaci\u00f3n y Protocolo del Gobierno Municipal.<\/p>\n","protected":false},"excerpt":{"rendered":"<p>Los datos ser\u00e1n analizados con motivo de hacer un trabajo en pol\u00edticas dise\u00f1adas para los sectores que m\u00e1s lo necesiten.&hellip;<\/p>\n","protected":false},"author":3,"featured_media":10255,"comment_status":"closed","ping_status":"open","sticky":false,"template":"","format":"standard","meta":{"footnotes":""},"categories":[9],"tags":[66,67,836,315,329,426,483,572,706],"class_list":["post-10254","post","type-post","status-publish","format-standard","has-post-thumbnail","hentry","category-infosalud","tag-arroyito","tag-arroyito-cordoba","tag-arroyito-online","tag-el-fuertecito","tag-encuesta","tag-hospital","tag-la-curva","tag-noticias-de-arroyito-y-zona","tag-salud"],"_links":{"self":[{"href":"https:\/\/arroyitoonline.com.ar\/index.php?rest_route=\/wp\/v2\/posts\/10254","targetHints":{"allow":["GET"]}}],"collection":[{"href":"https:\/\/arroyitoonline.com.ar\/index.php?rest_route=\/wp\/v2\/posts"}],"about":[{"href":"https:\/\/arroyitoonline.com.ar\/index.php?rest_route=\/wp\/v2\/types\/post"}],"author":[{"embeddable":true,"href":"https:\/\/arroyitoonline.com.ar\/index.php?rest_route=\/wp\/v2\/users\/3"}],"replies":[{"embeddable":true,"href":"https:\/\/arroyitoonline.com.ar\/index.php?rest_route=%2Fwp%2Fv2%2Fcomments&post=10254"}],"version-history":[{"count":1,"href":"https:\/\/arroyitoonline.com.ar\/index.php?rest_route=\/wp\/v2\/posts\/10254\/revisions"}],"predecessor-version":[{"id":10256,"href":"https:\/\/arroyitoonline.com.ar\/index.php?rest_route=\/wp\/v2\/posts\/10254\/revisions\/10256"}],"wp:featuredmedia":[{"embeddable":true,"href":"https:\/\/arroyitoonline.com.ar\/index.php?rest_route=\/wp\/v2\/media\/10255"}],"wp:attachment":[{"href":"https:\/\/arroyitoonline.com.ar\/index.php?rest_route=%2Fwp%2Fv2%2Fmedia&parent=10254"}],"wp:term":[{"taxonomy":"category","embeddable":true,"href":"https:\/\/arroyitoonline.com.ar\/index.php?rest_route=%2Fwp%2Fv2%2Fcategories&post=10254"},{"taxonomy":"post_tag","embeddable":true,"href":"https:\/\/arroyitoonline.com.ar\/index.php?rest_route=%2Fwp%2Fv2%2Ftags&post=10254"}],"curies":[{"name":"wp","href":"https:\/\/api.w.org\/{rel}","templated":true}]}}