{"id":10257,"date":"2020-09-25T15:18:07","date_gmt":"2020-09-25T15:18:07","guid":{"rendered":"https:\/\/arroyitoonline.com.ar\/?p=10257"},"modified":"2020-09-25T15:18:12","modified_gmt":"2020-09-25T15:18:12","slug":"un-24-de-septiembre-diferente-el-homenaje-a-la-virgen-de-la-merced-fue-con-misas-y-sin-procesion","status":"publish","type":"post","link":"https:\/\/arroyitoonline.com.ar\/?p=10257","title":{"rendered":"Un 24 de septiembre diferente: el homenaje a la Virgen de la Merced fue con misas y sin procesi\u00f3n"},"content":{"rendered":"\n<p><strong>En \u00e9poca de pandemia, la parroquia abri\u00f3 al 50% de su capacidad y la Patrona de Arroyito no sali\u00f3 a recorrer las calles.<\/strong><\/p>\n\n\n\n<p>Ayer jueves 24 de Septiembre, Fiesta Patronal de Arroyito, se desarrollaron las misas en Honor a Nuestra Se\u00f1ora de la Merced, en la parroquia que lleva su nombre.<\/p>\n\n\n\n<p>Los eventos religiosos se concretaron respetando las medidas de bioseguridad y distanciamiento: con el 50% de capacidad de la iglesia c\u00e9ntrica y sanitizando manos y calzado de los feligreses, en el ingreso y el egreso al templo. Los fieles marianos, vale la aclaraci\u00f3n, participaron con barbijos y tapabocas.<\/p>\n\n\n\n<figure class=\"wp-block-image\"><img decoding=\"async\" src=\"https:\/\/www.municipioarroyito.gob.ar\/wp-content\/uploads\/2020\/09\/misa-virgen-de-la-Merced-2-1024x683.jpeg\" alt=\"\" class=\"wp-image-29249\"\/><\/figure>\n\n\n\n<p>A las 16:00 horas fue la \u00faltima celebraci\u00f3n, que cont\u00f3 con la participaci\u00f3n de autoridades del Departamento Ejecutivo encabezadas por el intendente, Gustavo Benedetti, y la viceintendente, Mar\u00eda Jos\u00e9 Esp\u00f3sito.<\/p>\n\n\n\n<p>Fuente: Comunicaci\u00f3n y Protocolo del Gobierno Municipal. <\/p>\n","protected":false},"excerpt":{"rendered":"<p>En \u00e9poca de pandemia, la parroquia abri\u00f3 al 50% de su capacidad y la Patrona de Arroyito no sali\u00f3 a&hellip;<\/p>\n","protected":false},"author":3,"featured_media":10228,"comment_status":"closed","ping_status":"open","sticky":false,"template":"","format":"standard","meta":{"footnotes":""},"categories":[935],"tags":[66,67,836,375,1102,572,941,681,811],"class_list":["post-10257","post","type-post","status-publish","format-standard","has-post-thumbnail","hentry","category-religion","tag-arroyito","tag-arroyito-cordoba","tag-arroyito-online","tag-fiesta-patronal","tag-gobierno-municipal","tag-noticias-de-arroyito-y-zona","tag-parroquia-nuestra-senora-de-la-merced","tag-religion","tag-virgen"],"_links":{"self":[{"href":"https:\/\/arroyitoonline.com.ar\/index.php?rest_route=\/wp\/v2\/posts\/10257","targetHints":{"allow":["GET"]}}],"collection":[{"href":"https:\/\/arroyitoonline.com.ar\/index.php?rest_route=\/wp\/v2\/posts"}],"about":[{"href":"https:\/\/arroyitoonline.com.ar\/index.php?rest_route=\/wp\/v2\/types\/post"}],"author":[{"embeddable":true,"href":"https:\/\/arroyitoonline.com.ar\/index.php?rest_route=\/wp\/v2\/users\/3"}],"replies":[{"embeddable":true,"href":"https:\/\/arroyitoonline.com.ar\/index.php?rest_route=%2Fwp%2Fv2%2Fcomments&post=10257"}],"version-history":[{"count":1,"href":"https:\/\/arroyitoonline.com.ar\/index.php?rest_route=\/wp\/v2\/posts\/10257\/revisions"}],"predecessor-version":[{"id":10259,"href":"https:\/\/arroyitoonline.com.ar\/index.php?rest_route=\/wp\/v2\/posts\/10257\/revisions\/10259"}],"wp:featuredmedia":[{"embeddable":true,"href":"https:\/\/arroyitoonline.com.ar\/index.php?rest_route=\/wp\/v2\/media\/10228"}],"wp:attachment":[{"href":"https:\/\/arroyitoonline.com.ar\/index.php?rest_route=%2Fwp%2Fv2%2Fmedia&parent=10257"}],"wp:term":[{"taxonomy":"category","embeddable":true,"href":"https:\/\/arroyitoonline.com.ar\/index.php?rest_route=%2Fwp%2Fv2%2Fcategories&post=10257"},{"taxonomy":"post_tag","embeddable":true,"href":"https:\/\/arroyitoonline.com.ar\/index.php?rest_route=%2Fwp%2Fv2%2Ftags&post=10257"}],"curies":[{"name":"wp","href":"https:\/\/api.w.org\/{rel}","templated":true}]}}