{"id":10272,"date":"2020-09-28T02:24:16","date_gmt":"2020-09-28T02:24:16","guid":{"rendered":"https:\/\/arroyitoonline.com.ar\/?p=10272"},"modified":"2020-09-28T02:24:18","modified_gmt":"2020-09-28T02:24:18","slug":"covid-19-refuerzan-controles-en-los-accesos-y-restringen-la-permanencia-en-bares-a-una-hora","status":"publish","type":"post","link":"https:\/\/arroyitoonline.com.ar\/?p=10272","title":{"rendered":"Covid-19: refuerzan controles en los accesos y restringen la permanencia en bares, a una hora"},"content":{"rendered":"\n<p><strong>Se controlar\u00e1n veh\u00edculos que est\u00e9n circulando, sin justificativo, pasadas las 23:00 y las reuniones clandestinas. <\/strong><\/p>\n\n\n\n<p>Debido a los distintos casos positivos de Covid-19 conocidos en las \u00faltimas horas, el Centro de Emergencias de Arroyito, por intermedio del intendente Gustavo Benedetti, resolvi\u00f3 diversas medidas.<\/p>\n\n\n\n<p>En primer lugar, el refuerzo de los controles de ingreso a la ciudad. A los habituales, se agregan el del acceso desde La Tordilla y el del ingreso desde Sacanta.<\/p>\n\n\n\n<p>En segundo t\u00e9rmino, la restricci\u00f3n de la permanencia de las personas en todos los comercios locales, incluidos bares y comedores, a una hora.<\/p>\n\n\n\n<p>Adem\u00e1s, el fortalecimiento de los controles internos nocturnos: ser\u00e1n estrictos para la venta de bebidas alcoh\u00f3licas, que solo est\u00e1 permitida hasta la hora cero y a mayores de edad.<\/p>\n\n\n\n<p>Tambi\u00e9n se controlar\u00e1n veh\u00edculos que est\u00e9n circulando, sin justificativo, pasadas las 23:00 horas y las reuniones clandestinas, con refuerzo de moviles dedicados a estos fines. <\/p>\n\n\n\n<p>Por \u00faltimo, sigue a disposici\u00f3n de la gente el n\u00famero de celular 3576577746, destinado a denuncias Covid, por incumplimiento, o personas que vienen de otra ciudad.<\/p>\n\n\n\n<p>Fuente: CEA.<\/p>\n","protected":false},"excerpt":{"rendered":"<p>Se controlar\u00e1n veh\u00edculos que est\u00e9n circulando, sin justificativo, pasadas las 23:00 y las reuniones clandestinas. Debido a los distintos casos&hellip;<\/p>\n","protected":false},"author":3,"featured_media":8593,"comment_status":"closed","ping_status":"open","sticky":false,"template":"","format":"standard","meta":{"footnotes":""},"categories":[9],"tags":[1120,66,67,836,115,1149,238,1108,1152,1102,968,572],"class_list":["post-10272","post","type-post","status-publish","format-standard","has-post-thumbnail","hentry","category-infosalud","tag-aislamiento","tag-arroyito","tag-arroyito-cordoba","tag-arroyito-online","tag-benedetti","tag-centro-de-emergencias-de-arroyito","tag-control-vehicular","tag-coronavirus","tag-covid-19","tag-gobierno-municipal","tag-gustavo-benedetti","tag-noticias-de-arroyito-y-zona"],"_links":{"self":[{"href":"https:\/\/arroyitoonline.com.ar\/index.php?rest_route=\/wp\/v2\/posts\/10272","targetHints":{"allow":["GET"]}}],"collection":[{"href":"https:\/\/arroyitoonline.com.ar\/index.php?rest_route=\/wp\/v2\/posts"}],"about":[{"href":"https:\/\/arroyitoonline.com.ar\/index.php?rest_route=\/wp\/v2\/types\/post"}],"author":[{"embeddable":true,"href":"https:\/\/arroyitoonline.com.ar\/index.php?rest_route=\/wp\/v2\/users\/3"}],"replies":[{"embeddable":true,"href":"https:\/\/arroyitoonline.com.ar\/index.php?rest_route=%2Fwp%2Fv2%2Fcomments&post=10272"}],"version-history":[{"count":1,"href":"https:\/\/arroyitoonline.com.ar\/index.php?rest_route=\/wp\/v2\/posts\/10272\/revisions"}],"predecessor-version":[{"id":10273,"href":"https:\/\/arroyitoonline.com.ar\/index.php?rest_route=\/wp\/v2\/posts\/10272\/revisions\/10273"}],"wp:featuredmedia":[{"embeddable":true,"href":"https:\/\/arroyitoonline.com.ar\/index.php?rest_route=\/wp\/v2\/media\/8593"}],"wp:attachment":[{"href":"https:\/\/arroyitoonline.com.ar\/index.php?rest_route=%2Fwp%2Fv2%2Fmedia&parent=10272"}],"wp:term":[{"taxonomy":"category","embeddable":true,"href":"https:\/\/arroyitoonline.com.ar\/index.php?rest_route=%2Fwp%2Fv2%2Fcategories&post=10272"},{"taxonomy":"post_tag","embeddable":true,"href":"https:\/\/arroyitoonline.com.ar\/index.php?rest_route=%2Fwp%2Fv2%2Ftags&post=10272"}],"curies":[{"name":"wp","href":"https:\/\/api.w.org\/{rel}","templated":true}]}}