{"id":10278,"date":"2020-09-29T23:46:52","date_gmt":"2020-09-29T23:46:52","guid":{"rendered":"https:\/\/arroyitoonline.com.ar\/?p=10278"},"modified":"2020-09-30T01:22:59","modified_gmt":"2020-09-30T01:22:59","slug":"covid-19-arroyito-entraria-en-la-fase-de-circulacion-comunitaria","status":"publish","type":"post","link":"https:\/\/arroyitoonline.com.ar\/?p=10278","title":{"rendered":"Covid-19: Arroyito entrar\u00eda en la fase de circulaci\u00f3n comunitaria"},"content":{"rendered":"\n<p><strong>Se pierde el nexo por contacto estrecho. En la actualidad, hay 30 casos positivos activos, todos en muy buenas condiciones de salud.<\/strong><\/p>\n\n\n\n<p>Durante el distanciamiento social preventivo y obligatorio, el Gobierno Municipal ha tomado las <strong>medidas de restricci\u00f3n y flexibilizaci\u00f3n pertinentes en cada etapa.<\/strong><\/p>\n\n\n\n<p>En este sentido, realizaron <strong>controles de circulaci\u00f3n y de ingreso a la localidad, seguimientos epidemiol\u00f3gicos en cada caso positivo y sospechoso, con un gran esfuerzo del personal m\u00e9dico, de seguridad e inspectores, concretando guardias de 24 horas.&nbsp;<\/strong><em><strong>&#8220;<\/strong>Creyendo fuertemente en el&nbsp;<strong>funcionamiento de la econom\u00eda local, para que llegue el pan a la mesa de cada trabajador<\/strong>&#8220;<\/em>, se\u00f1alaron desde la actual gesti\u00f3n.<\/p>\n\n\n\n<p><strong>A continuaci\u00f3n, el m\u00e9dico Sergio Quinteros deja un mensaje sobre la situaci\u00f3n actual:<\/strong><\/p>\n\n\n\n<figure class=\"wp-block-embed-youtube wp-block-embed is-type-video is-provider-youtube wp-embed-aspect-16-9 wp-has-aspect-ratio\"><div class=\"wp-block-embed__wrapper\">\n<div class=\"epyt-video-wrapper\"><iframe loading=\"lazy\"  style=\"display: block; margin: 0px auto;\"  id=\"_ytid_76391\"  width=\"1140\" height=\"641\"  data-origwidth=\"1140\" data-origheight=\"641\" src=\"https:\/\/www.youtube.com\/embed\/074J1eslQZA?enablejsapi=1&#038;autoplay=0&#038;cc_load_policy=1&#038;cc_lang_pref=&#038;iv_load_policy=3&#038;loop=0&#038;rel=1&#038;fs=1&#038;playsinline=0&#038;autohide=2&#038;theme=dark&#038;color=red&#038;controls=1&#038;disablekb=0&#038;\" class=\"__youtube_prefs__  epyt-is-override  no-lazyload\" title=\"YouTube player\"  allow=\"fullscreen; accelerometer; autoplay; clipboard-write; encrypted-media; gyroscope; picture-in-picture; web-share\" referrerpolicy=\"strict-origin-when-cross-origin\" allowfullscreen data-no-lazy=\"1\" data-skipgform_ajax_framebjll=\"\"><\/iframe><\/div>\n<\/div><figcaption><em>El m\u00e9dico Sergio Quinteros deja un mensaje en relaci\u00f3n a la situaci\u00f3n actual.<\/em><\/figcaption><\/figure>\n\n\n\n<p>Desde la semana pasada,<strong>&nbsp;por el incumplimiento de las disposiciones vigentes<\/strong>, no solo en nuestra localidad, sino en la provincia y en la naci\u00f3n, se han contagiado muchas personas de covid-19 en Arroyito.<\/p>\n\n\n\n<p><strong>En la actualidad, hay 30 casos positivos activos, todos en muy buenas condiciones de salud. Se ha producido la transmisi\u00f3n del virus por contactos estrechos, en una larga cadena de contagios.<\/strong><\/p>\n\n\n\n<p><strong>Es probable que, muy pronto, nuestra ciudad entre en fase de transmisi\u00f3n comunitaria<\/strong>, es decir, que se pierda el nexo por contacto estrecho.<\/p>\n\n\n\n<p>Esta situaci\u00f3n no es ajena a lo que ocurre y ocurri\u00f3 en todo el mundo. Pero, si nuestra poblaci\u00f3n toma conciencia sobre la importancia de cuidarse y cuidar a los dem\u00e1s,<strong>&nbsp;se puede poner un freno al contagio.<\/strong><\/p>\n\n\n\n<p><strong>El virus se transmite por medio de la mucosa<\/strong>, por lo que es importante tener las manos limpias luego de entrar en contacto con cualquier superficie y no llevarse las manos a la cara, usar barbijo o tapabocas, mantener distancia social, pero, <strong>sobre todo, es importante no compartir elementos personales ni el mate y tampoco mantener reuniones sociales.<\/strong><\/p>\n\n\n\n<p><strong>La responsabilidad es de todos. Cada uno debe poner un poco de su parte para que logremos, sobre todo, el cuidado de la salud de los adultos mayores y de las personas en riesgo.<\/strong><\/p>\n\n\n\n<p>Fuente: Comunicaci\u00f3n y Protocolo del Gobierno Municipal.<\/p>\n","protected":false},"excerpt":{"rendered":"<p>Se pierde el nexo por contacto estrecho. En la actualidad, hay 30 casos positivos activos, todos en muy buenas condiciones&hellip;<\/p>\n","protected":false},"author":3,"featured_media":10279,"comment_status":"closed","ping_status":"open","sticky":false,"template":"","format":"standard","meta":{"footnotes":""},"categories":[9],"tags":[1120,66,67,836,1108,1152,426,572,706],"class_list":["post-10278","post","type-post","status-publish","format-standard","has-post-thumbnail","hentry","category-infosalud","tag-aislamiento","tag-arroyito","tag-arroyito-cordoba","tag-arroyito-online","tag-coronavirus","tag-covid-19","tag-hospital","tag-noticias-de-arroyito-y-zona","tag-salud"],"_links":{"self":[{"href":"https:\/\/arroyitoonline.com.ar\/index.php?rest_route=\/wp\/v2\/posts\/10278","targetHints":{"allow":["GET"]}}],"collection":[{"href":"https:\/\/arroyitoonline.com.ar\/index.php?rest_route=\/wp\/v2\/posts"}],"about":[{"href":"https:\/\/arroyitoonline.com.ar\/index.php?rest_route=\/wp\/v2\/types\/post"}],"author":[{"embeddable":true,"href":"https:\/\/arroyitoonline.com.ar\/index.php?rest_route=\/wp\/v2\/users\/3"}],"replies":[{"embeddable":true,"href":"https:\/\/arroyitoonline.com.ar\/index.php?rest_route=%2Fwp%2Fv2%2Fcomments&post=10278"}],"version-history":[{"count":2,"href":"https:\/\/arroyitoonline.com.ar\/index.php?rest_route=\/wp\/v2\/posts\/10278\/revisions"}],"predecessor-version":[{"id":10284,"href":"https:\/\/arroyitoonline.com.ar\/index.php?rest_route=\/wp\/v2\/posts\/10278\/revisions\/10284"}],"wp:featuredmedia":[{"embeddable":true,"href":"https:\/\/arroyitoonline.com.ar\/index.php?rest_route=\/wp\/v2\/media\/10279"}],"wp:attachment":[{"href":"https:\/\/arroyitoonline.com.ar\/index.php?rest_route=%2Fwp%2Fv2%2Fmedia&parent=10278"}],"wp:term":[{"taxonomy":"category","embeddable":true,"href":"https:\/\/arroyitoonline.com.ar\/index.php?rest_route=%2Fwp%2Fv2%2Fcategories&post=10278"},{"taxonomy":"post_tag","embeddable":true,"href":"https:\/\/arroyitoonline.com.ar\/index.php?rest_route=%2Fwp%2Fv2%2Ftags&post=10278"}],"curies":[{"name":"wp","href":"https:\/\/api.w.org\/{rel}","templated":true}]}}