{"id":10281,"date":"2020-09-30T02:25:04","date_gmt":"2020-09-30T02:25:04","guid":{"rendered":"https:\/\/arroyitoonline.com.ar\/?p=10281"},"modified":"2020-09-30T02:25:10","modified_gmt":"2020-09-30T02:25:10","slug":"covid-19-hay-casi-100-personas-aisladas-en-arcor-por-precaucion-sanitaria","status":"publish","type":"post","link":"https:\/\/arroyitoonline.com.ar\/?p=10281","title":{"rendered":"Covid-19: hay casi 100 personas aisladas en Arcor, por precauci\u00f3n sanitaria"},"content":{"rendered":"\n<p><strong>La firma hace aislamiento de primera y segunda l\u00ednea de contactos por prevenci\u00f3n epidemiol\u00f3gica.<\/strong><\/p>\n\n\n\n<p>Seg\u00fan el \u00faltimo comunicado emanado por el Gobierno Municipal, son 33 los casos de covid-19 en nuestra ciudad y, con este panorama, Arroyito llegar\u00eda pronto a fase de transmisi\u00f3n comunitaria, perdiendo el nexo epidemiol\u00f3gico. En este marco, seg\u00fan publica<strong><em> V\u00eda Arroyito<\/em><\/strong>, la situaci\u00f3n en Arcor no es diferente.<\/p>\n\n\n\n<p><strong>En la multinacional se encuentran aisladas 97 personas<\/strong>, aguardando que los hisopen desde el Centro de Emergencias Arroyito (CEA). Se trata de<strong> contactos de contactos que, por prevenci\u00f3n, la empresa a\u00edsla<\/strong>. Adem\u00e1s, durante la tarde del lunes 28 se activ\u00f3 el protocolo en el \u00e1rea de Cartocor.<\/p>\n\n\n\n<p><strong>Al activarse el protocolo por caso sospechoso<\/strong>, que mostraba un cuadro febril,<strong>\u00a0la firma aisl\u00f3 a los contactos estrechos que trabajan con esa persona y a los de segunda l\u00ednea<\/strong>. Luego, desinfectaron<strong> la zona<\/strong>.<\/p>\n\n\n\n<p>Por el momento, <strong>se aguardan los resultados de los test e hisopados que se realizaron a los casos sospechosos.<\/strong>\u00a0Son<strong>\u00a0nueve los hisopados positivos, de los cuales, ocho desempe\u00f1an tareas en administraci\u00f3n,\u00a0<\/strong>y\u00a0<strong>ocho los que fueron hisopados con resultados negativos.<\/strong><\/p>\n\n\n\n<p>La cantidad se desprende debido a que, <strong>por precauci\u00f3n, Arcor realiz\u00f3 el asilamiento de contactos estrechos laborales y, adem\u00e1s, la cuarentena de contactos de segunda l\u00ednea.<\/strong><\/p>\n\n\n\n<p>Fuente: V\u00eda Arroyito. <\/p>\n","protected":false},"excerpt":{"rendered":"<p>La firma hace aislamiento de primera y segunda l\u00ednea de contactos por prevenci\u00f3n epidemiol\u00f3gica. Seg\u00fan el \u00faltimo comunicado emanado por&hellip;<\/p>\n","protected":false},"author":3,"featured_media":5310,"comment_status":"closed","ping_status":"open","sticky":false,"template":"","format":"standard","meta":{"footnotes":""},"categories":[900],"tags":[1120,59,66,67,836,1108,1152,572],"class_list":["post-10281","post","type-post","status-publish","format-standard","has-post-thumbnail","hentry","category-noticias","tag-aislamiento","tag-arcor","tag-arroyito","tag-arroyito-cordoba","tag-arroyito-online","tag-coronavirus","tag-covid-19","tag-noticias-de-arroyito-y-zona"],"_links":{"self":[{"href":"https:\/\/arroyitoonline.com.ar\/index.php?rest_route=\/wp\/v2\/posts\/10281","targetHints":{"allow":["GET"]}}],"collection":[{"href":"https:\/\/arroyitoonline.com.ar\/index.php?rest_route=\/wp\/v2\/posts"}],"about":[{"href":"https:\/\/arroyitoonline.com.ar\/index.php?rest_route=\/wp\/v2\/types\/post"}],"author":[{"embeddable":true,"href":"https:\/\/arroyitoonline.com.ar\/index.php?rest_route=\/wp\/v2\/users\/3"}],"replies":[{"embeddable":true,"href":"https:\/\/arroyitoonline.com.ar\/index.php?rest_route=%2Fwp%2Fv2%2Fcomments&post=10281"}],"version-history":[{"count":1,"href":"https:\/\/arroyitoonline.com.ar\/index.php?rest_route=\/wp\/v2\/posts\/10281\/revisions"}],"predecessor-version":[{"id":10285,"href":"https:\/\/arroyitoonline.com.ar\/index.php?rest_route=\/wp\/v2\/posts\/10281\/revisions\/10285"}],"wp:featuredmedia":[{"embeddable":true,"href":"https:\/\/arroyitoonline.com.ar\/index.php?rest_route=\/wp\/v2\/media\/5310"}],"wp:attachment":[{"href":"https:\/\/arroyitoonline.com.ar\/index.php?rest_route=%2Fwp%2Fv2%2Fmedia&parent=10281"}],"wp:term":[{"taxonomy":"category","embeddable":true,"href":"https:\/\/arroyitoonline.com.ar\/index.php?rest_route=%2Fwp%2Fv2%2Fcategories&post=10281"},{"taxonomy":"post_tag","embeddable":true,"href":"https:\/\/arroyitoonline.com.ar\/index.php?rest_route=%2Fwp%2Fv2%2Ftags&post=10281"}],"curies":[{"name":"wp","href":"https:\/\/api.w.org\/{rel}","templated":true}]}}