{"id":10290,"date":"2020-10-01T00:48:15","date_gmt":"2020-10-01T00:48:15","guid":{"rendered":"https:\/\/arroyitoonline.com.ar\/?p=10290"},"modified":"2020-10-01T00:48:21","modified_gmt":"2020-10-01T00:48:21","slug":"arroyito-los-casos-positivos-activos-de-covid-19-casi-se-duplicaron-en-las-ultimas-24-horas","status":"publish","type":"post","link":"https:\/\/arroyitoonline.com.ar\/?p=10290","title":{"rendered":"Arroyito: los casos positivos activos de Covid-19 casi se duplicaron en las \u00faltimas 24 horas"},"content":{"rendered":"\n<p><strong>Los 27 nuevos casos positivos se sumaron provenientes de cl\u00ednicas y laboratorios privados<\/strong>. <\/p>\n\n\n\n<p>De 33 casos positivos activos registrados en el informe de la noche del martes 29 de septiembre, el Centro de Emergencias Arroyito inform\u00f3, hace minutos, un total de 62.<\/p>\n\n\n\n<p>Estos 27 nuevos casos que se sumaron entre ayer y hoy provienen de cl\u00ednicas y laboratorios privados, informaci\u00f3n con la que antes no se contaba y, por gestiones del CEA, ahora ya se encuentra centralizada con los datos emanados del \u00e1mbito p\u00fablico.<br><br>Adem\u00e1s, hoy se hicieron 11 hisopados, que hacen un total de 341, desde que comenz\u00f3 la emergencia sanitaria.<\/p>\n\n\n\n<p>Fuente: CEA.<\/p>\n","protected":false},"excerpt":{"rendered":"<p>Los 27 nuevos casos positivos se sumaron provenientes de cl\u00ednicas y laboratorios privados. De 33 casos positivos activos registrados en&hellip;<\/p>\n","protected":false},"author":3,"featured_media":10266,"comment_status":"closed","ping_status":"open","sticky":false,"template":"","format":"standard","meta":{"footnotes":""},"categories":[9],"tags":[1120,66,67,836,1149,1108,1152,1102,572,706],"class_list":["post-10290","post","type-post","status-publish","format-standard","has-post-thumbnail","hentry","category-infosalud","tag-aislamiento","tag-arroyito","tag-arroyito-cordoba","tag-arroyito-online","tag-centro-de-emergencias-de-arroyito","tag-coronavirus","tag-covid-19","tag-gobierno-municipal","tag-noticias-de-arroyito-y-zona","tag-salud"],"_links":{"self":[{"href":"https:\/\/arroyitoonline.com.ar\/index.php?rest_route=\/wp\/v2\/posts\/10290","targetHints":{"allow":["GET"]}}],"collection":[{"href":"https:\/\/arroyitoonline.com.ar\/index.php?rest_route=\/wp\/v2\/posts"}],"about":[{"href":"https:\/\/arroyitoonline.com.ar\/index.php?rest_route=\/wp\/v2\/types\/post"}],"author":[{"embeddable":true,"href":"https:\/\/arroyitoonline.com.ar\/index.php?rest_route=\/wp\/v2\/users\/3"}],"replies":[{"embeddable":true,"href":"https:\/\/arroyitoonline.com.ar\/index.php?rest_route=%2Fwp%2Fv2%2Fcomments&post=10290"}],"version-history":[{"count":1,"href":"https:\/\/arroyitoonline.com.ar\/index.php?rest_route=\/wp\/v2\/posts\/10290\/revisions"}],"predecessor-version":[{"id":10291,"href":"https:\/\/arroyitoonline.com.ar\/index.php?rest_route=\/wp\/v2\/posts\/10290\/revisions\/10291"}],"wp:featuredmedia":[{"embeddable":true,"href":"https:\/\/arroyitoonline.com.ar\/index.php?rest_route=\/wp\/v2\/media\/10266"}],"wp:attachment":[{"href":"https:\/\/arroyitoonline.com.ar\/index.php?rest_route=%2Fwp%2Fv2%2Fmedia&parent=10290"}],"wp:term":[{"taxonomy":"category","embeddable":true,"href":"https:\/\/arroyitoonline.com.ar\/index.php?rest_route=%2Fwp%2Fv2%2Fcategories&post=10290"},{"taxonomy":"post_tag","embeddable":true,"href":"https:\/\/arroyitoonline.com.ar\/index.php?rest_route=%2Fwp%2Fv2%2Ftags&post=10290"}],"curies":[{"name":"wp","href":"https:\/\/api.w.org\/{rel}","templated":true}]}}