{"id":10320,"date":"2020-10-04T00:52:26","date_gmt":"2020-10-04T00:52:26","guid":{"rendered":"https:\/\/arroyitoonline.com.ar\/?p=10320"},"modified":"2020-10-04T00:52:30","modified_gmt":"2020-10-04T00:52:30","slug":"covid-19-en-arroyito-hoy-se-registraron-36-casos-positivos-activos-que-hacen-un-total-de-153","status":"publish","type":"post","link":"https:\/\/arroyitoonline.com.ar\/?p=10320","title":{"rendered":"Covid-19 en Arroyito: hoy se registraron 36 casos positivos activos, que hacen un total de 153"},"content":{"rendered":"\n<p><strong>En total, desde que comenz\u00f3 la emergencia sanitaria se han realizado 404 hisopados<\/strong>.<\/p>\n\n\n\n<p>El Centro de Emergencias (CEA) informa que, hoy\u00a0s\u00e1bado 3 de octubre, <strong>se han realizado 15 hisopados por recomendaci\u00f3n epidemiol\u00f3gica, que se encuentran al aguardo de sus resultados.<\/strong><br><br>En la actualidad, Arroyito cuenta<strong> con 153 casos positivos activos de covid-19.<\/strong>\u00a0De los cuales, hoy se registraron 36. Los pacientes recuperados son seis.<\/p>\n\n\n\n<p><strong>En total, desde que comenz\u00f3 la emergencia sanitaria se han realizado 404 hisopados<\/strong>.<br><br>Desde el CEA<strong> solicita a la poblaci\u00f3n que extreme los cuidados y respete las medidas de bioseguridad dispuestas.<\/strong><\/p>\n","protected":false},"excerpt":{"rendered":"<p>En total, desde que comenz\u00f3 la emergencia sanitaria se han realizado 404 hisopados. El Centro de Emergencias (CEA) informa que,&hellip;<\/p>\n","protected":false},"author":3,"featured_media":10218,"comment_status":"closed","ping_status":"open","sticky":false,"template":"","format":"standard","meta":{"footnotes":""},"categories":[9],"tags":[1120,66,67,836,1149,1108,1152,1119,1102,572,706],"class_list":["post-10320","post","type-post","status-publish","format-standard","has-post-thumbnail","hentry","category-infosalud","tag-aislamiento","tag-arroyito","tag-arroyito-cordoba","tag-arroyito-online","tag-centro-de-emergencias-de-arroyito","tag-coronavirus","tag-covid-19","tag-cuarentena","tag-gobierno-municipal","tag-noticias-de-arroyito-y-zona","tag-salud"],"_links":{"self":[{"href":"https:\/\/arroyitoonline.com.ar\/index.php?rest_route=\/wp\/v2\/posts\/10320","targetHints":{"allow":["GET"]}}],"collection":[{"href":"https:\/\/arroyitoonline.com.ar\/index.php?rest_route=\/wp\/v2\/posts"}],"about":[{"href":"https:\/\/arroyitoonline.com.ar\/index.php?rest_route=\/wp\/v2\/types\/post"}],"author":[{"embeddable":true,"href":"https:\/\/arroyitoonline.com.ar\/index.php?rest_route=\/wp\/v2\/users\/3"}],"replies":[{"embeddable":true,"href":"https:\/\/arroyitoonline.com.ar\/index.php?rest_route=%2Fwp%2Fv2%2Fcomments&post=10320"}],"version-history":[{"count":1,"href":"https:\/\/arroyitoonline.com.ar\/index.php?rest_route=\/wp\/v2\/posts\/10320\/revisions"}],"predecessor-version":[{"id":10321,"href":"https:\/\/arroyitoonline.com.ar\/index.php?rest_route=\/wp\/v2\/posts\/10320\/revisions\/10321"}],"wp:featuredmedia":[{"embeddable":true,"href":"https:\/\/arroyitoonline.com.ar\/index.php?rest_route=\/wp\/v2\/media\/10218"}],"wp:attachment":[{"href":"https:\/\/arroyitoonline.com.ar\/index.php?rest_route=%2Fwp%2Fv2%2Fmedia&parent=10320"}],"wp:term":[{"taxonomy":"category","embeddable":true,"href":"https:\/\/arroyitoonline.com.ar\/index.php?rest_route=%2Fwp%2Fv2%2Fcategories&post=10320"},{"taxonomy":"post_tag","embeddable":true,"href":"https:\/\/arroyitoonline.com.ar\/index.php?rest_route=%2Fwp%2Fv2%2Ftags&post=10320"}],"curies":[{"name":"wp","href":"https:\/\/api.w.org\/{rel}","templated":true}]}}