{"id":10352,"date":"2020-10-06T11:52:54","date_gmt":"2020-10-06T11:52:54","guid":{"rendered":"https:\/\/arroyitoonline.com.ar\/?p=10352"},"modified":"2020-10-06T11:52:57","modified_gmt":"2020-10-06T11:52:57","slug":"elisa-carrizo-sufrio-una-descompensacion-por-estres","status":"publish","type":"post","link":"https:\/\/arroyitoonline.com.ar\/?p=10352","title":{"rendered":"Elisa Carrizo sufri\u00f3 una descompensaci\u00f3n por estr\u00e9s"},"content":{"rendered":"\n<p><strong>La intendenta de Tr\u00e1nsito fue dada de alta anoche, con indicaci\u00f3n de reposo. <\/strong><\/p>\n\n\n\n<p>Ayer, seg\u00fan publica <strong>FM Libre 93.7<\/strong>, la intendenta de Tr\u00e1nsito, Elisa Carrizo, sufri\u00f3 una descompensaci\u00f3n. La causa habr\u00eda sido un pico de estr\u00e9s.<\/p>\n\n\n\n<p>Los m\u00e9dicos ordenaron que la mandataria de la vecina localidad permaneciera internada para valorarla.<\/p>\n\n\n\n<p>Anoche, Carrizo fue dada de alta con indicaci\u00f3n de reposo. Por ello, no cumplir\u00e1 sus funciones en el municipio transitense durante el resto de la semana.<\/p>\n\n\n\n<p>Mientras tanto, el Ejecutivo quedar\u00e1 en manos del secretario de Obras P\u00fablicas, Fabi\u00e1n Violo.<\/p>\n\n\n\n<p>Fuente: FM Libre 93.7.<\/p>\n","protected":false},"excerpt":{"rendered":"<p>La intendenta de Tr\u00e1nsito fue dada de alta anoche, con indicaci\u00f3n de reposo. Ayer, seg\u00fan publica FM Libre 93.7, la&hellip;<\/p>\n","protected":false},"author":3,"featured_media":10353,"comment_status":"closed","ping_status":"open","sticky":false,"template":"","format":"standard","meta":{"footnotes":""},"categories":[845],"tags":[66,67,836,572,847,706,771],"class_list":["post-10352","post","type-post","status-publish","format-standard","has-post-thumbnail","hentry","category-regionales-online","tag-arroyito","tag-arroyito-cordoba","tag-arroyito-online","tag-noticias-de-arroyito-y-zona","tag-regionales-online","tag-salud","tag-transito"],"_links":{"self":[{"href":"https:\/\/arroyitoonline.com.ar\/index.php?rest_route=\/wp\/v2\/posts\/10352","targetHints":{"allow":["GET"]}}],"collection":[{"href":"https:\/\/arroyitoonline.com.ar\/index.php?rest_route=\/wp\/v2\/posts"}],"about":[{"href":"https:\/\/arroyitoonline.com.ar\/index.php?rest_route=\/wp\/v2\/types\/post"}],"author":[{"embeddable":true,"href":"https:\/\/arroyitoonline.com.ar\/index.php?rest_route=\/wp\/v2\/users\/3"}],"replies":[{"embeddable":true,"href":"https:\/\/arroyitoonline.com.ar\/index.php?rest_route=%2Fwp%2Fv2%2Fcomments&post=10352"}],"version-history":[{"count":1,"href":"https:\/\/arroyitoonline.com.ar\/index.php?rest_route=\/wp\/v2\/posts\/10352\/revisions"}],"predecessor-version":[{"id":10354,"href":"https:\/\/arroyitoonline.com.ar\/index.php?rest_route=\/wp\/v2\/posts\/10352\/revisions\/10354"}],"wp:featuredmedia":[{"embeddable":true,"href":"https:\/\/arroyitoonline.com.ar\/index.php?rest_route=\/wp\/v2\/media\/10353"}],"wp:attachment":[{"href":"https:\/\/arroyitoonline.com.ar\/index.php?rest_route=%2Fwp%2Fv2%2Fmedia&parent=10352"}],"wp:term":[{"taxonomy":"category","embeddable":true,"href":"https:\/\/arroyitoonline.com.ar\/index.php?rest_route=%2Fwp%2Fv2%2Fcategories&post=10352"},{"taxonomy":"post_tag","embeddable":true,"href":"https:\/\/arroyitoonline.com.ar\/index.php?rest_route=%2Fwp%2Fv2%2Ftags&post=10352"}],"curies":[{"name":"wp","href":"https:\/\/api.w.org\/{rel}","templated":true}]}}