{"id":10403,"date":"2020-10-12T10:57:34","date_gmt":"2020-10-12T10:57:34","guid":{"rendered":"https:\/\/arroyitoonline.com.ar\/?p=10403"},"modified":"2020-10-12T10:57:36","modified_gmt":"2020-10-12T10:57:36","slug":"desinfectaran-la-municipalidad-y-no-habra-atencion-al-publico-el-martes-13","status":"publish","type":"post","link":"https:\/\/arroyitoonline.com.ar\/?p=10403","title":{"rendered":"Desinfectar\u00e1n la Municipalidad y no habr\u00e1 atenci\u00f3n al p\u00fablico, el martes 13"},"content":{"rendered":"\n<p><strong>Es para mitigar el contagio de covid-19. Benedetti declar\u00f3 Asueto Administrativo Municipal, por Decreto N\u00b0 430- c\/20.<\/strong><\/p>\n\n\n\n<p>Este martes 13, no se atender\u00e1 al p\u00fablico en la Municipalidad. Es porque el Gobierno, a trav\u00e9s del intendente Gustavo Benedetti, en uso de sus atribuciones,\u00a0<strong>declar\u00f3 Asueto Administrativo Municipal, <strong>por Decreto N\u00b0 430- c\/20<\/strong><\/strong>.<\/p>\n\n\n\n<p>La decisi\u00f3n responde a que, durante el fin de semana largo,\u00a0<strong>se har\u00e1 una desinfecci\u00f3n <strong>en las dependencias municipales<\/strong><\/strong>,\u00a0que obliga a que se reduzca la concurrencia de personas.\u00a0<strong>La medida tiene como objetivo la disminuci\u00f3n del contagio de covid-19.<\/strong><\/p>\n\n\n\n<p><strong>Por su parte, quedan exceptuados los funcionarios municipales, los empleados afectados a la prestaci\u00f3n de servicios p\u00fablicos esenciales municipales y aquellos empleados jer\u00e1rquicos\u00a0<\/strong>que cumplen tareas en distintas dependencias y que fueran requeridos por los funcionarios.<\/p>\n\n\n\n<p>Fuente: Comunicaci\u00f3n y Protocolo del Gobierno Municipal. <\/p>\n","protected":false},"excerpt":{"rendered":"<p>Es para mitigar el contagio de covid-19. Benedetti declar\u00f3 Asueto Administrativo Municipal, por Decreto N\u00b0 430- c\/20. Este martes 13,&hellip;<\/p>\n","protected":false},"author":3,"featured_media":10404,"comment_status":"closed","ping_status":"open","sticky":false,"template":"","format":"standard","meta":{"footnotes":""},"categories":[829],"tags":[1120,66,67,836,115,1108,1152,968,868,555,556,572],"class_list":["post-10403","post","type-post","status-publish","format-standard","has-post-thumbnail","hentry","category-municipales-online","tag-aislamiento","tag-arroyito","tag-arroyito-cordoba","tag-arroyito-online","tag-benedetti","tag-coronavirus","tag-covid-19","tag-gustavo-benedetti","tag-municipales-online","tag-municipalidad","tag-municipalidad-de-arroyito","tag-noticias-de-arroyito-y-zona"],"_links":{"self":[{"href":"https:\/\/arroyitoonline.com.ar\/index.php?rest_route=\/wp\/v2\/posts\/10403","targetHints":{"allow":["GET"]}}],"collection":[{"href":"https:\/\/arroyitoonline.com.ar\/index.php?rest_route=\/wp\/v2\/posts"}],"about":[{"href":"https:\/\/arroyitoonline.com.ar\/index.php?rest_route=\/wp\/v2\/types\/post"}],"author":[{"embeddable":true,"href":"https:\/\/arroyitoonline.com.ar\/index.php?rest_route=\/wp\/v2\/users\/3"}],"replies":[{"embeddable":true,"href":"https:\/\/arroyitoonline.com.ar\/index.php?rest_route=%2Fwp%2Fv2%2Fcomments&post=10403"}],"version-history":[{"count":1,"href":"https:\/\/arroyitoonline.com.ar\/index.php?rest_route=\/wp\/v2\/posts\/10403\/revisions"}],"predecessor-version":[{"id":10405,"href":"https:\/\/arroyitoonline.com.ar\/index.php?rest_route=\/wp\/v2\/posts\/10403\/revisions\/10405"}],"wp:featuredmedia":[{"embeddable":true,"href":"https:\/\/arroyitoonline.com.ar\/index.php?rest_route=\/wp\/v2\/media\/10404"}],"wp:attachment":[{"href":"https:\/\/arroyitoonline.com.ar\/index.php?rest_route=%2Fwp%2Fv2%2Fmedia&parent=10403"}],"wp:term":[{"taxonomy":"category","embeddable":true,"href":"https:\/\/arroyitoonline.com.ar\/index.php?rest_route=%2Fwp%2Fv2%2Fcategories&post=10403"},{"taxonomy":"post_tag","embeddable":true,"href":"https:\/\/arroyitoonline.com.ar\/index.php?rest_route=%2Fwp%2Fv2%2Ftags&post=10403"}],"curies":[{"name":"wp","href":"https:\/\/api.w.org\/{rel}","templated":true}]}}