{"id":10438,"date":"2020-10-12T22:36:12","date_gmt":"2020-10-12T22:36:12","guid":{"rendered":"https:\/\/arroyitoonline.com.ar\/?p=10438"},"modified":"2020-10-13T11:38:56","modified_gmt":"2020-10-13T11:38:56","slug":"suspenden-actividades-habilitadas-de-2000-a-600-horas-durante-14-dias","status":"publish","type":"post","link":"https:\/\/arroyitoonline.com.ar\/?p=10438","title":{"rendered":"Suspenden actividades habilitadas, de 20:00 a 6:00 horas, durante 14 d\u00edas"},"content":{"rendered":"\n<p><strong>Benedetti firm\u00f3 un convenio con 14 municipio cordobeses, que quedaron exceptuados de las disposiciones emitidas por el Presidente de la Naci\u00f3n.<\/strong><\/p>\n\n\n\n<p><strong>El intendente Gustavo Benedetti firm\u00f3 un acuerdo, en conjunto con otros municipios de la provincia<\/strong>, que quedaron exceptuados de las disposiciones emitidas por el Presidente de la Naci\u00f3n, <strong>teniendo en cuenta las recomendaciones realizadas por el Centro de Operaciones de Emergencias (COE) Central.<\/strong><\/p>\n\n\n\n<p><strong>Junto a la directora M\u00e9dica del Hospital, Melina Gallo, y su par de Habitaciones, Comercio y Bromatolog\u00eda, Daniela Mendoza, explican nuevas medidas dispuestas con el objetivo de que se prevenga el contagio de covid-19<\/strong>. Dispusieron:<\/p>\n\n\n\n<figure class=\"wp-block-embed-youtube wp-block-embed is-type-video is-provider-youtube wp-embed-aspect-16-9 wp-has-aspect-ratio\"><div class=\"wp-block-embed__wrapper\">\n<div class=\"epyt-video-wrapper\"><iframe loading=\"lazy\"  style=\"display: block; margin: 0px auto;\"  id=\"_ytid_79117\"  width=\"1140\" height=\"641\"  data-origwidth=\"1140\" data-origheight=\"641\" src=\"https:\/\/www.youtube.com\/embed\/hqSUVPqlDco?enablejsapi=1&#038;autoplay=0&#038;cc_load_policy=1&#038;cc_lang_pref=&#038;iv_load_policy=3&#038;loop=0&#038;rel=1&#038;fs=1&#038;playsinline=0&#038;autohide=2&#038;theme=dark&#038;color=red&#038;controls=1&#038;disablekb=0&#038;\" class=\"__youtube_prefs__  epyt-is-override  no-lazyload\" title=\"YouTube player\"  allow=\"fullscreen; accelerometer; autoplay; clipboard-write; encrypted-media; gyroscope; picture-in-picture; web-share\" referrerpolicy=\"strict-origin-when-cross-origin\" allowfullscreen data-no-lazy=\"1\" data-skipgform_ajax_framebjll=\"\"><\/iframe><\/div>\n<\/div><\/figure>\n\n\n\n<ul class=\"wp-block-list\"><li><strong>Suspensi\u00f3n, por el plazo de 14 d\u00edas, de las actividades habilitadas, a partir de la hora 0:00 del 13\/10\/2020 y hasta la hora 0:00 del 26\/10\/2020, en el rango horario comprendido entre las 20:00 y hasta las 6:00, a excepci\u00f3n de industrias, farmacias y dem\u00e1s servicios esenciales.<\/strong><\/li><li><strong>Queda prohibida, en cualquier d\u00eda y horario, la realizaci\u00f3n de reuniones sociales y familiares.<\/strong><\/li><li>Los<strong>\u00a0restaurantes y locales de comidas elaboradas podr\u00e1n funcionar hasta las 23:00 horas, bajo cualquier modalidad.<\/strong><\/li><li><strong>Queda prohibida la venta de alcohol para llevar, despu\u00e9s de las 20:00 horas. Proceder\u00e1n con clausura directa a quien infrinja esta normativa.<\/strong><\/li><li>El intendente Gustavo Benedetti <strong>presentar\u00e1 al Concejo Deliberante, un proyecto para la eximici\u00f3n de de la Tasa de Comercio, durante el mes de octubre, para los comercios gastron\u00f3micos que se ven afectados por la reducci\u00f3n horaria.<\/strong><\/li><li>Adem\u00e1s, implementar\u00e1n desde hoy,\u00a0<strong>una guardia activa de covid-19, que funcionar\u00e1 en el Hospital Municipal Carlos J. Rodr\u00edguez y se capacitar\u00e1 a personal del sistema de salud para la realizaci\u00f3n de hisopados.<\/strong><\/li><li>En relaci\u00f3n a controles,\u00a0<strong>trabajar\u00e1n, de manera m\u00e1s intensa, con mayor personal, en el control de comercios, bares y restaurantes, circulaci\u00f3n indebida y venta prohibida de alcohol.<\/strong><\/li><li>Por \u00faltimo, gestionaron<strong> hisopados masivos gratuitos y testeos r\u00e1pidos, ante el COE, al aguardo de una respuesta favorable.<\/strong><\/li><\/ul>\n\n\n\n<p><em><strong>&#8220;Debemos aplanar la curva de contagios, trabajando con conjunto, por la salud y el futuro de nuestra comunidad<\/strong>&#8220;<\/em>, se\u00f1alaron.<\/p>\n","protected":false},"excerpt":{"rendered":"<p>Benedetti firm\u00f3 un convenio con 14 municipio cordobeses, que quedaron exceptuados de las disposiciones emitidas por el Presidente de la&hellip;<\/p>\n","protected":false},"author":3,"featured_media":10439,"comment_status":"closed","ping_status":"open","sticky":false,"template":"","format":"standard","meta":{"footnotes":""},"categories":[829],"tags":[1120,66,67,836,1108,1152,1102,1160,868,555,556,572],"class_list":["post-10438","post","type-post","status-publish","format-standard","has-post-thumbnail","hentry","category-municipales-online","tag-aislamiento","tag-arroyito","tag-arroyito-cordoba","tag-arroyito-online","tag-coronavirus","tag-covid-19","tag-gobierno-municipal","tag-hisopados","tag-municipales-online","tag-municipalidad","tag-municipalidad-de-arroyito","tag-noticias-de-arroyito-y-zona"],"_links":{"self":[{"href":"https:\/\/arroyitoonline.com.ar\/index.php?rest_route=\/wp\/v2\/posts\/10438","targetHints":{"allow":["GET"]}}],"collection":[{"href":"https:\/\/arroyitoonline.com.ar\/index.php?rest_route=\/wp\/v2\/posts"}],"about":[{"href":"https:\/\/arroyitoonline.com.ar\/index.php?rest_route=\/wp\/v2\/types\/post"}],"author":[{"embeddable":true,"href":"https:\/\/arroyitoonline.com.ar\/index.php?rest_route=\/wp\/v2\/users\/3"}],"replies":[{"embeddable":true,"href":"https:\/\/arroyitoonline.com.ar\/index.php?rest_route=%2Fwp%2Fv2%2Fcomments&post=10438"}],"version-history":[{"count":3,"href":"https:\/\/arroyitoonline.com.ar\/index.php?rest_route=\/wp\/v2\/posts\/10438\/revisions"}],"predecessor-version":[{"id":10450,"href":"https:\/\/arroyitoonline.com.ar\/index.php?rest_route=\/wp\/v2\/posts\/10438\/revisions\/10450"}],"wp:featuredmedia":[{"embeddable":true,"href":"https:\/\/arroyitoonline.com.ar\/index.php?rest_route=\/wp\/v2\/media\/10439"}],"wp:attachment":[{"href":"https:\/\/arroyitoonline.com.ar\/index.php?rest_route=%2Fwp%2Fv2%2Fmedia&parent=10438"}],"wp:term":[{"taxonomy":"category","embeddable":true,"href":"https:\/\/arroyitoonline.com.ar\/index.php?rest_route=%2Fwp%2Fv2%2Fcategories&post=10438"},{"taxonomy":"post_tag","embeddable":true,"href":"https:\/\/arroyitoonline.com.ar\/index.php?rest_route=%2Fwp%2Fv2%2Ftags&post=10438"}],"curies":[{"name":"wp","href":"https:\/\/api.w.org\/{rel}","templated":true}]}}