{"id":10485,"date":"2020-10-16T21:59:38","date_gmt":"2020-10-16T21:59:38","guid":{"rendered":"https:\/\/arroyitoonline.com.ar\/?p=10485"},"modified":"2020-10-16T21:59:42","modified_gmt":"2020-10-16T21:59:42","slug":"los-comercios-tendran-45-minutos-de-tolerancia-para-el-cierre-despues-de-las-2000","status":"publish","type":"post","link":"https:\/\/arroyitoonline.com.ar\/?p=10485","title":{"rendered":"Los comercios tendr\u00e1n 45 minutos de tolerancia para el cierre, despu\u00e9s de las 20:00"},"content":{"rendered":"\n<p><strong>Tras reunirse con diversos sectores, el Centro de Emergencias resolvi\u00f3 tambi\u00e9n que convocar\u00e1 a distintos rubros, desde el lunes 19. <\/strong><\/p>\n\n\n\n<p>En base a las consideraciones analizadas en conjunto,\u00a0<strong>las autoridades y los referentes que integran el Centro de Emergencia de Arroyito, resolvieron lo siguiente:<\/strong><\/p>\n\n\n\n<ol class=\"wp-block-list\"><li><strong>Permitir 45 minutos de tolerancia en los horarios de cierre establecidos para cada actividad y comercio, hasta el d\u00eda 26 de octubre,<\/strong>\u00a0teniendo en cuenta que no es posible modificar el horario que ha indicado el COE Central de la Provincia de C\u00f3rdoba.<\/li><li><strong>Continuar con la prohibici\u00f3n de las reuniones sociales o familiares, en cualquier d\u00eda y horario, hasta el d\u00eda 26 de octubre.<\/strong><\/li><li><strong>Convocar, a partir del pr\u00f3ximo lunes 19, a representantes de diferentes sectores y rubros de la ciudad a una mesa de trabajo<\/strong>, donde se analizar\u00e1n las acciones a tomar a partir del d\u00eda 26 de octubre, considerando las etapas de convivencia y una mayor responsabilidad social por parte de los habitantes.<\/li><\/ol>\n\n\n\n<p><em>&#8220;Trabajamos en forma conjunta para mitigar el contagio del covid-19, atendiendo a las necesidades econ\u00f3micas y apelando a la responsabilidad y el cuidado de todos&#8221;<\/em>, dijeron desde el Gobierno Municipal. <\/p>\n","protected":false},"excerpt":{"rendered":"<p>Tras reunirse con diversos sectores, el Centro de Emergencias resolvi\u00f3 tambi\u00e9n que convocar\u00e1 a distintos rubros, desde el lunes 19.&hellip;<\/p>\n","protected":false},"author":3,"featured_media":10486,"comment_status":"closed","ping_status":"open","sticky":false,"template":"","format":"standard","meta":{"footnotes":""},"categories":[996],"tags":[1120,66,67,1149,217,1108,1152,1102,572],"class_list":["post-10485","post","type-post","status-publish","format-standard","has-post-thumbnail","hentry","category-comercio","tag-aislamiento","tag-arroyito","tag-arroyito-cordoba","tag-centro-de-emergencias-de-arroyito","tag-comercio","tag-coronavirus","tag-covid-19","tag-gobierno-municipal","tag-noticias-de-arroyito-y-zona"],"_links":{"self":[{"href":"https:\/\/arroyitoonline.com.ar\/index.php?rest_route=\/wp\/v2\/posts\/10485","targetHints":{"allow":["GET"]}}],"collection":[{"href":"https:\/\/arroyitoonline.com.ar\/index.php?rest_route=\/wp\/v2\/posts"}],"about":[{"href":"https:\/\/arroyitoonline.com.ar\/index.php?rest_route=\/wp\/v2\/types\/post"}],"author":[{"embeddable":true,"href":"https:\/\/arroyitoonline.com.ar\/index.php?rest_route=\/wp\/v2\/users\/3"}],"replies":[{"embeddable":true,"href":"https:\/\/arroyitoonline.com.ar\/index.php?rest_route=%2Fwp%2Fv2%2Fcomments&post=10485"}],"version-history":[{"count":1,"href":"https:\/\/arroyitoonline.com.ar\/index.php?rest_route=\/wp\/v2\/posts\/10485\/revisions"}],"predecessor-version":[{"id":10487,"href":"https:\/\/arroyitoonline.com.ar\/index.php?rest_route=\/wp\/v2\/posts\/10485\/revisions\/10487"}],"wp:featuredmedia":[{"embeddable":true,"href":"https:\/\/arroyitoonline.com.ar\/index.php?rest_route=\/wp\/v2\/media\/10486"}],"wp:attachment":[{"href":"https:\/\/arroyitoonline.com.ar\/index.php?rest_route=%2Fwp%2Fv2%2Fmedia&parent=10485"}],"wp:term":[{"taxonomy":"category","embeddable":true,"href":"https:\/\/arroyitoonline.com.ar\/index.php?rest_route=%2Fwp%2Fv2%2Fcategories&post=10485"},{"taxonomy":"post_tag","embeddable":true,"href":"https:\/\/arroyitoonline.com.ar\/index.php?rest_route=%2Fwp%2Fv2%2Ftags&post=10485"}],"curies":[{"name":"wp","href":"https:\/\/api.w.org\/{rel}","templated":true}]}}