{"id":10496,"date":"2020-10-18T01:05:11","date_gmt":"2020-10-18T01:05:11","guid":{"rendered":"https:\/\/arroyitoonline.com.ar\/?p=10496"},"modified":"2020-10-18T01:05:20","modified_gmt":"2020-10-18T01:05:20","slug":"covid-19-en-arroyito-son-341-los-casos-positivos-activos-y-hoy-se-registro-la-tercera-muerte","status":"publish","type":"post","link":"https:\/\/arroyitoonline.com.ar\/?p=10496","title":{"rendered":"Covid-19 en Arroyito: son 341 los casos positivos activos y hoy se registr\u00f3 la tercera muerte"},"content":{"rendered":"\n<p><strong>Hoy se registraron 27 nuevos casos y 24 personas recuperadas, que hacen un total de 191.<\/strong><\/p>\n\n\n\n<p>El Centro de Emergencias (CEA) informa que, a la fecha, Arroyito cuenta con 341 casos positivos de covid-19 activos. Por su parte, hoy se registraron 27 nuevos casos.<\/p>\n\n\n\n<p>Adem\u00e1s, este s\u00e1bado se recuperaron 24 personas, recibiendo alta m\u00e9dica, las que en total suman 191 pacientes recuperados.<\/p>\n\n\n\n<p>En cuanto a los decesos, hoy muri\u00f3 una persona de 86 a\u00f1os, que ten\u00eda covid-19. En total, tres personas han fallecido en nuestra ciudad.<\/p>\n\n\n\n<p>Desde que comenz\u00f3 la emergencia sanitaria se registraron 535 casos (sumando los activos, recuperados y decesos).<\/p>\n\n\n\n<p>Por \u00faltimo, desde el CEA piden a la poblaci\u00f3n que evite los contactos, no realice reuniones familiares y contin\u00fae tomando las medidas de bioseguridad: lavado de manos, distancia social y uso de barbijo.<\/p>\n\n\n\n<p><em>&#8220;Debemos aplanar la curva de contagios por la salud de nuestra comunidad&#8221;<\/em>, dijeron.<\/p>\n","protected":false},"excerpt":{"rendered":"<p>Hoy se registraron 27 nuevos casos y 24 personas recuperadas, que hacen un total de 191. El Centro de Emergencias&hellip;<\/p>\n","protected":false},"author":3,"featured_media":10218,"comment_status":"closed","ping_status":"open","sticky":false,"template":"","format":"standard","meta":{"footnotes":""},"categories":[9],"tags":[66,67,836,1149,1108,1152,572,706],"class_list":["post-10496","post","type-post","status-publish","format-standard","has-post-thumbnail","hentry","category-infosalud","tag-arroyito","tag-arroyito-cordoba","tag-arroyito-online","tag-centro-de-emergencias-de-arroyito","tag-coronavirus","tag-covid-19","tag-noticias-de-arroyito-y-zona","tag-salud"],"_links":{"self":[{"href":"https:\/\/arroyitoonline.com.ar\/index.php?rest_route=\/wp\/v2\/posts\/10496","targetHints":{"allow":["GET"]}}],"collection":[{"href":"https:\/\/arroyitoonline.com.ar\/index.php?rest_route=\/wp\/v2\/posts"}],"about":[{"href":"https:\/\/arroyitoonline.com.ar\/index.php?rest_route=\/wp\/v2\/types\/post"}],"author":[{"embeddable":true,"href":"https:\/\/arroyitoonline.com.ar\/index.php?rest_route=\/wp\/v2\/users\/3"}],"replies":[{"embeddable":true,"href":"https:\/\/arroyitoonline.com.ar\/index.php?rest_route=%2Fwp%2Fv2%2Fcomments&post=10496"}],"version-history":[{"count":1,"href":"https:\/\/arroyitoonline.com.ar\/index.php?rest_route=\/wp\/v2\/posts\/10496\/revisions"}],"predecessor-version":[{"id":10497,"href":"https:\/\/arroyitoonline.com.ar\/index.php?rest_route=\/wp\/v2\/posts\/10496\/revisions\/10497"}],"wp:featuredmedia":[{"embeddable":true,"href":"https:\/\/arroyitoonline.com.ar\/index.php?rest_route=\/wp\/v2\/media\/10218"}],"wp:attachment":[{"href":"https:\/\/arroyitoonline.com.ar\/index.php?rest_route=%2Fwp%2Fv2%2Fmedia&parent=10496"}],"wp:term":[{"taxonomy":"category","embeddable":true,"href":"https:\/\/arroyitoonline.com.ar\/index.php?rest_route=%2Fwp%2Fv2%2Fcategories&post=10496"},{"taxonomy":"post_tag","embeddable":true,"href":"https:\/\/arroyitoonline.com.ar\/index.php?rest_route=%2Fwp%2Fv2%2Ftags&post=10496"}],"curies":[{"name":"wp","href":"https:\/\/api.w.org\/{rel}","templated":true}]}}