{"id":10502,"date":"2020-10-20T02:04:46","date_gmt":"2020-10-20T02:04:46","guid":{"rendered":"https:\/\/arroyitoonline.com.ar\/?p=10502"},"modified":"2020-10-20T02:04:54","modified_gmt":"2020-10-20T02:04:54","slug":"octubre-rosa-mira-la-historia-de-superacion-de-jaquelina-veron","status":"publish","type":"post","link":"https:\/\/arroyitoonline.com.ar\/?p=10502","title":{"rendered":"Octubre Rosa: mir\u00e1 la historia de superaci\u00f3n de Jaquelina Ver\u00f3n"},"content":{"rendered":"\n<p><strong>Su testimonio se enmarca en la celebraci\u00f3n del D\u00eda Internacional Contra el C\u00e1ncer de Mamas.<\/strong><\/p>\n\n\n\n<p>En el marco del Octubre Rosa, y celebrando el <em>D\u00eda Internacional Contra el C\u00e1ncer de Mamas<\/em>, el<strong>\u00a0Consejo de la Mujeres, la Secretar\u00eda de Educaci\u00f3n y Cultura del Gobierno Municipal y la Asociaci\u00f3n Civil Vida sobre Vida<\/strong>, presentan el testimonio de la concelaja Jaquelina Ver\u00f3n, una historia de superaci\u00f3n. <\/p>\n\n\n\n<p>En su lucha, fueron muy importantes rodearse de buenos profesionales y agotar todas las opciones y recursos para combatir al c\u00e1ncer.<\/p>\n\n\n\n<figure class=\"wp-block-image size-large\"><img loading=\"lazy\" decoding=\"async\" width=\"1024\" height=\"1024\" src=\"https:\/\/arroyitoonline.com.ar\/wp-content\/uploads\/2020\/10\/jaquelina-ver\u00f3n-1024x1024.jpeg\" alt=\"\" class=\"wp-image-10503\" srcset=\"https:\/\/arroyitoonline.com.ar\/wp-content\/uploads\/2020\/10\/jaquelina-ver\u00f3n-1024x1024.jpeg 1024w, https:\/\/arroyitoonline.com.ar\/wp-content\/uploads\/2020\/10\/jaquelina-ver\u00f3n-300x300.jpeg 300w, https:\/\/arroyitoonline.com.ar\/wp-content\/uploads\/2020\/10\/jaquelina-ver\u00f3n-150x150.jpeg 150w, https:\/\/arroyitoonline.com.ar\/wp-content\/uploads\/2020\/10\/jaquelina-ver\u00f3n-768x768.jpeg 768w, https:\/\/arroyitoonline.com.ar\/wp-content\/uploads\/2020\/10\/jaquelina-ver\u00f3n.jpeg 1280w\" sizes=\"auto, (max-width: 1024px) 100vw, 1024px\" \/><\/figure>\n\n\n\n<p><em>\u201cMientras haya opciones, hay que agotarlas\u201d<\/em>, dice Ver\u00f3n, expresando la capacidad de seguir adelante, con fortaleza, haciendo uso de todas las herramientas que tenemos a nuestro paso.<\/p>\n\n\n\n<figure class=\"wp-block-embed-youtube wp-block-embed is-type-video is-provider-youtube wp-embed-aspect-16-9 wp-has-aspect-ratio\"><div class=\"wp-block-embed__wrapper\">\n<div class=\"epyt-video-wrapper\"><iframe loading=\"lazy\"  style=\"display: block; margin: 0px auto;\"  id=\"_ytid_71431\"  width=\"1140\" height=\"641\"  data-origwidth=\"1140\" data-origheight=\"641\" src=\"https:\/\/www.youtube.com\/embed\/9PnfkuW50wc?enablejsapi=1&#038;autoplay=0&#038;cc_load_policy=1&#038;cc_lang_pref=&#038;iv_load_policy=3&#038;loop=0&#038;rel=1&#038;fs=1&#038;playsinline=0&#038;autohide=2&#038;theme=dark&#038;color=red&#038;controls=1&#038;disablekb=0&#038;\" class=\"__youtube_prefs__  epyt-is-override  no-lazyload\" title=\"YouTube player\"  allow=\"fullscreen; accelerometer; autoplay; clipboard-write; encrypted-media; gyroscope; picture-in-picture; web-share\" referrerpolicy=\"strict-origin-when-cross-origin\" allowfullscreen data-no-lazy=\"1\" data-skipgform_ajax_framebjll=\"\"><\/iframe><\/div>\n<\/div><figcaption><em>La historia de superaci\u00f3n de la concejala Jaquelina Ver\u00f3n.<\/em><\/figcaption><\/figure>\n\n\n\n<p><strong>Los pilares de este d\u00eda y de Octubre Rosa son la creaci\u00f3n de consciencia y la promoci\u00f3n de que cada vez m\u00e1s mujeres accedan a controles, diagn\u00f3sticos y tratamientos oportunos y efectivos.<\/strong><\/p>\n\n\n\n<p><strong>No te lo pierdas, juntas prevenimos y luchamos contra el c\u00e1ncer de mama.<\/strong><\/p>\n\n\n\n<h4 class=\"wp-block-heading\">#ELEG\u00cdCHEQUEARTE<\/h4>\n","protected":false},"excerpt":{"rendered":"<p>Su testimonio se enmarca en la celebraci\u00f3n del D\u00eda Internacional Contra el C\u00e1ncer de Mamas. En el marco del Octubre&hellip;<\/p>\n","protected":false},"author":3,"featured_media":10504,"comment_status":"closed","ping_status":"open","sticky":false,"template":"","format":"standard","meta":{"footnotes":""},"categories":[9],"tags":[66,67,836,151,232,1102,508,799],"class_list":["post-10502","post","type-post","status-publish","format-standard","has-post-thumbnail","hentry","category-infosalud","tag-arroyito","tag-arroyito-cordoba","tag-arroyito-online","tag-cancer","tag-consejo-de-la-mujer","tag-gobierno-municipal","tag-lucha-contra-el-cancer","tag-vida-sobre-vida"],"_links":{"self":[{"href":"https:\/\/arroyitoonline.com.ar\/index.php?rest_route=\/wp\/v2\/posts\/10502","targetHints":{"allow":["GET"]}}],"collection":[{"href":"https:\/\/arroyitoonline.com.ar\/index.php?rest_route=\/wp\/v2\/posts"}],"about":[{"href":"https:\/\/arroyitoonline.com.ar\/index.php?rest_route=\/wp\/v2\/types\/post"}],"author":[{"embeddable":true,"href":"https:\/\/arroyitoonline.com.ar\/index.php?rest_route=\/wp\/v2\/users\/3"}],"replies":[{"embeddable":true,"href":"https:\/\/arroyitoonline.com.ar\/index.php?rest_route=%2Fwp%2Fv2%2Fcomments&post=10502"}],"version-history":[{"count":1,"href":"https:\/\/arroyitoonline.com.ar\/index.php?rest_route=\/wp\/v2\/posts\/10502\/revisions"}],"predecessor-version":[{"id":10510,"href":"https:\/\/arroyitoonline.com.ar\/index.php?rest_route=\/wp\/v2\/posts\/10502\/revisions\/10510"}],"wp:featuredmedia":[{"embeddable":true,"href":"https:\/\/arroyitoonline.com.ar\/index.php?rest_route=\/wp\/v2\/media\/10504"}],"wp:attachment":[{"href":"https:\/\/arroyitoonline.com.ar\/index.php?rest_route=%2Fwp%2Fv2%2Fmedia&parent=10502"}],"wp:term":[{"taxonomy":"category","embeddable":true,"href":"https:\/\/arroyitoonline.com.ar\/index.php?rest_route=%2Fwp%2Fv2%2Fcategories&post=10502"},{"taxonomy":"post_tag","embeddable":true,"href":"https:\/\/arroyitoonline.com.ar\/index.php?rest_route=%2Fwp%2Fv2%2Ftags&post=10502"}],"curies":[{"name":"wp","href":"https:\/\/api.w.org\/{rel}","templated":true}]}}