{"id":10514,"date":"2020-10-20T02:25:32","date_gmt":"2020-10-20T02:25:32","guid":{"rendered":"https:\/\/arroyitoonline.com.ar\/?p=10514"},"modified":"2020-10-20T02:25:34","modified_gmt":"2020-10-20T02:25:34","slug":"el-tio-el-choque-de-una-moto-y-un-auto-dejo-como-saldo-a-menor-de-16-anos-con-lesiones-reservadas","status":"publish","type":"post","link":"https:\/\/arroyitoonline.com.ar\/?p=10514","title":{"rendered":"El T\u00edo: el choque de una moto y un auto dej\u00f3 como saldo a menor de 16 a\u00f1os con lesiones reservadas"},"content":{"rendered":"\n<p><strong>El herido fue asistido por el servicio de emergencias local y luego derivado al hospital de Arroyito.<\/strong><\/p>\n\n\n\n<p>Por causas que tratan de establecerse, el pasado viernes a las 22.00 horas, un joven de 25 a\u00f1os que manejaba un Volkswagen Gol de color blanco fue colisionado por una moto Guerrero Trip 110 c.c. roja conducida por un menor de 16 a\u00f1os. Ambos veh\u00edculos circulaban en sentido de este a oeste, por calle 25 de Mayo de la localidad de El T\u00edo.<\/p>\n\n\n\n<p>Producto del siniestro, el ocupante del rodado menor fue asistido por el servicio de emergencias de dicha localidad presentando diferentes lesiones. Luego lo derivaron al Hospital Municipal Carlos J. Rodr\u00edguez de nuestra ciudad con el fin de realizarle revisaciones m\u00e9dicas pertinentes.<\/p>\n\n\n\n<p>Se iniciaron las correspondientes actuaciones sumariales con conocimiento e intervenci\u00f3n de la Fiscal\u00eda de Instrucci\u00f3n de Arroyito.<\/p>\n\n\n\n<p>Fuente: informe de la oficial Insp. Soledad Torletto, titular accidental de la Comisar\u00eda Distrito Arroyito.<\/p>\n","protected":false},"excerpt":{"rendered":"<p>El herido fue asistido por el servicio de emergencias local y luego derivado al hospital de Arroyito. Por causas que&hellip;<\/p>\n","protected":false},"author":3,"featured_media":3620,"comment_status":"closed","ping_status":"open","sticky":false,"template":"","format":"standard","meta":{"footnotes":""},"categories":[824],"tags":[66,67,836,191,316,426,1177,1086,572,635,637,638,825],"class_list":["post-10514","post","type-post","status-publish","format-standard","has-post-thumbnail","hentry","category-policiales-online","tag-arroyito","tag-arroyito-cordoba","tag-arroyito-online","tag-choque","tag-el-tio","tag-hospital","tag-hospital-municipal-carlos-j-rodriguez","tag-moto","tag-noticias-de-arroyito-y-zona","tag-policia","tag-policiales","tag-policiales-arroyito","tag-policiales-online"],"_links":{"self":[{"href":"https:\/\/arroyitoonline.com.ar\/index.php?rest_route=\/wp\/v2\/posts\/10514","targetHints":{"allow":["GET"]}}],"collection":[{"href":"https:\/\/arroyitoonline.com.ar\/index.php?rest_route=\/wp\/v2\/posts"}],"about":[{"href":"https:\/\/arroyitoonline.com.ar\/index.php?rest_route=\/wp\/v2\/types\/post"}],"author":[{"embeddable":true,"href":"https:\/\/arroyitoonline.com.ar\/index.php?rest_route=\/wp\/v2\/users\/3"}],"replies":[{"embeddable":true,"href":"https:\/\/arroyitoonline.com.ar\/index.php?rest_route=%2Fwp%2Fv2%2Fcomments&post=10514"}],"version-history":[{"count":1,"href":"https:\/\/arroyitoonline.com.ar\/index.php?rest_route=\/wp\/v2\/posts\/10514\/revisions"}],"predecessor-version":[{"id":10515,"href":"https:\/\/arroyitoonline.com.ar\/index.php?rest_route=\/wp\/v2\/posts\/10514\/revisions\/10515"}],"wp:featuredmedia":[{"embeddable":true,"href":"https:\/\/arroyitoonline.com.ar\/index.php?rest_route=\/wp\/v2\/media\/3620"}],"wp:attachment":[{"href":"https:\/\/arroyitoonline.com.ar\/index.php?rest_route=%2Fwp%2Fv2%2Fmedia&parent=10514"}],"wp:term":[{"taxonomy":"category","embeddable":true,"href":"https:\/\/arroyitoonline.com.ar\/index.php?rest_route=%2Fwp%2Fv2%2Fcategories&post=10514"},{"taxonomy":"post_tag","embeddable":true,"href":"https:\/\/arroyitoonline.com.ar\/index.php?rest_route=%2Fwp%2Fv2%2Ftags&post=10514"}],"curies":[{"name":"wp","href":"https:\/\/api.w.org\/{rel}","templated":true}]}}