{"id":10516,"date":"2020-10-20T02:42:33","date_gmt":"2020-10-20T02:42:33","guid":{"rendered":"https:\/\/arroyitoonline.com.ar\/?p=10516"},"modified":"2020-10-20T02:42:36","modified_gmt":"2020-10-20T02:42:36","slug":"el-tio-recuperan-moto-robada-en-santa-fe","status":"publish","type":"post","link":"https:\/\/arroyitoonline.com.ar\/?p=10516","title":{"rendered":"El T\u00edo: recuperan moto robada en Santa Fe"},"content":{"rendered":"\n<p><strong>Un joven de 24 a\u00f1os se present\u00f3 en la Subcomisar\u00eda de esa localidad e hizo entrega espont\u00e1nea de la Honda CB 1 negra, que hab\u00edan sustra\u00eddo el 16 de agosto.<\/strong><\/p>\n\n\n\n<p>En primeras horas de la madrugada del s\u00e1bado se present\u00f3, en la Subcomisar\u00eda de la localidad de el T\u00edo, un joven de 24 a\u00f1os domiciliado en zona rural haciendo entrega espont\u00e1nea de una moto Honda CB 1 color negro.<\/p>\n\n\n\n<p>Despu\u00e9s de realizar las averiguaciones sobre el rodado, personal policial tom\u00f3 conocimiento de que se trataba de un rodado sustra\u00eddo el 16 de agosto de 2020, en barrio Acapulco de la capital santafesina.<\/p>\n\n\n\n<p>Por \u00faltimo, la Polic\u00eda inici\u00f3 las actuaciones sumariales correspondientes poniendo en conocimiento a la Fiscal\u00eda de Instrucci\u00f3n de la ciudad de Arroyito.<\/p>\n\n\n\n<p>Fuente: informe de la oficial Insp. Soledad Torletto, titular accidental de la Comisar\u00eda Distrito Arroyito.<\/p>\n","protected":false},"excerpt":{"rendered":"<p>Un joven de 24 a\u00f1os se present\u00f3 en la Subcomisar\u00eda de esa localidad e hizo entrega espont\u00e1nea de la Honda&hellip;<\/p>\n","protected":false},"author":3,"featured_media":10519,"comment_status":"closed","ping_status":"open","sticky":false,"template":"","format":"standard","meta":{"footnotes":""},"categories":[824],"tags":[66,67,836,316,1086,572,635,637,638,825,693],"class_list":["post-10516","post","type-post","status-publish","format-standard","has-post-thumbnail","hentry","category-policiales-online","tag-arroyito","tag-arroyito-cordoba","tag-arroyito-online","tag-el-tio","tag-moto","tag-noticias-de-arroyito-y-zona","tag-policia","tag-policiales","tag-policiales-arroyito","tag-policiales-online","tag-robo"],"_links":{"self":[{"href":"https:\/\/arroyitoonline.com.ar\/index.php?rest_route=\/wp\/v2\/posts\/10516","targetHints":{"allow":["GET"]}}],"collection":[{"href":"https:\/\/arroyitoonline.com.ar\/index.php?rest_route=\/wp\/v2\/posts"}],"about":[{"href":"https:\/\/arroyitoonline.com.ar\/index.php?rest_route=\/wp\/v2\/types\/post"}],"author":[{"embeddable":true,"href":"https:\/\/arroyitoonline.com.ar\/index.php?rest_route=\/wp\/v2\/users\/3"}],"replies":[{"embeddable":true,"href":"https:\/\/arroyitoonline.com.ar\/index.php?rest_route=%2Fwp%2Fv2%2Fcomments&post=10516"}],"version-history":[{"count":1,"href":"https:\/\/arroyitoonline.com.ar\/index.php?rest_route=\/wp\/v2\/posts\/10516\/revisions"}],"predecessor-version":[{"id":10520,"href":"https:\/\/arroyitoonline.com.ar\/index.php?rest_route=\/wp\/v2\/posts\/10516\/revisions\/10520"}],"wp:featuredmedia":[{"embeddable":true,"href":"https:\/\/arroyitoonline.com.ar\/index.php?rest_route=\/wp\/v2\/media\/10519"}],"wp:attachment":[{"href":"https:\/\/arroyitoonline.com.ar\/index.php?rest_route=%2Fwp%2Fv2%2Fmedia&parent=10516"}],"wp:term":[{"taxonomy":"category","embeddable":true,"href":"https:\/\/arroyitoonline.com.ar\/index.php?rest_route=%2Fwp%2Fv2%2Fcategories&post=10516"},{"taxonomy":"post_tag","embeddable":true,"href":"https:\/\/arroyitoonline.com.ar\/index.php?rest_route=%2Fwp%2Fv2%2Ftags&post=10516"}],"curies":[{"name":"wp","href":"https:\/\/api.w.org\/{rel}","templated":true}]}}