{"id":10531,"date":"2020-10-20T13:07:51","date_gmt":"2020-10-20T13:07:51","guid":{"rendered":"https:\/\/arroyitoonline.com.ar\/?p=10531"},"modified":"2020-10-20T13:08:34","modified_gmt":"2020-10-20T13:08:34","slug":"fin-de-semana-complicado-para-bomberos-con-viento-y-calor-combatieron-diversos-focos","status":"publish","type":"post","link":"https:\/\/arroyitoonline.com.ar\/?p=10531","title":{"rendered":"Fin de semana complicado para Bomberos: con viento y calor, combatieron diversos focos"},"content":{"rendered":"\n<p><strong>Domingo y lunes, extinguieron incendio en Los Cha\u00f1aritos, que afect\u00f3 m\u00e1s de 260 hect\u00e1reas de monte y campo. Tambi\u00e9n dos focos en zona rural sur de Arroyito. <\/strong><\/p>\n\n\n\n<p>Los Bomberos de Arroyito tuvieron un complicado domingo. Con temperaturas mayores a los 35\u00b0 y vientos a 50 km\/h, fue un d\u00eda de arduo trabajo, tanto en nuestra ciudad como en la zona.<\/p>\n\n\n\n<p>Una dotaci\u00f3n al mando del Sargento 1\u00b0 BV Hugo Villarreal en el m\u00f3vil 18 trabaj\u00f3, pasado el mediod\u00eda, en colaboraci\u00f3n con Tr\u00e1nsito, Los Cha\u00f1aritos, La Para, Santa Rosa y La Tordilla, en un incendio forestal en jurisdicci\u00f3n de Los Cha\u00f1aritos, Regional 4, que afect\u00f3 260 hect\u00e1reas de monte, campos y pastizales. El incendio fue controlado reci\u00e9n pasadas las 18:00 horas. <\/p>\n\n\n\n<figure><iframe loading=\"lazy\" src=\"https:\/\/www.facebook.com\/plugins\/post.php?href=https%3A%2F%2Fwww.facebook.com%2Fbomberosarroyito%2Fposts%2F3391727780923038&amp;width=500\" width=\"500\" height=\"814\"><\/iframe><\/figure>\n\n\n\n<p>Mientras tanto, a las 14:00, Bomberos recibieron llamados informando de un incendio estructural\/interfase en la zona rural sur de nuestra ciudad, que afectaba a una vivienda y pon\u00eda en riesgo otra estructura. Activaron alarmas y se dirigieron al lugar m\u00f3viles 11 y 24, a cargo del sargento Ayudante BV Carlos Carnevale.<\/p>\n\n\n\n<p>Cuando llegaron, los voluntarios constataron un foco de incendio que se hab\u00eda originado en zona de monte. Aunque estaba a escasos metros de una casa, no le hab\u00eda causado da\u00f1o. Bomberos trabajaron sobre los campos de rastrojo y pastizales.<\/p>\n\n\n\n<p>Tambi\u00e9n se activ\u00f3 la colaboraci\u00f3n de Bomberos de El T\u00edo, quienes se hicieron presentes con una dotaci\u00f3n en unidad liviana con kit forestal. A las 23:00, dieron por extinguido el fuego. <\/p>\n\n\n\n<figure><iframe loading=\"lazy\" src=\"https:\/\/www.facebook.com\/plugins\/post.php?href=https%3A%2F%2Fwww.facebook.com%2Fbomberosarroyito%2Fposts%2F3391731410922675&amp;width=500\" width=\"500\" height=\"795\"><\/iframe><\/figure>\n\n\n\n<p>Por su parte, ayer por la tarde, fueron alertados de un incendio en maquinaria agr\u00edcola con extensi\u00f3n a un campo de rastrojo, en zona rural, al sur de la ciudad. En el lugar trabajaron tres dotaciones en los m\u00f3viles 11, 18 y 24, a cargo del II jefe, oficial principal BV Arnaldo Cabrera.<\/p>\n\n\n\n<p>Una vez m\u00e1s, tuvieron que hacerle frente a los fuertes vientos que complicaron las tareas. Se vieron afectadas unas cinco hect\u00e1reas de campo y registraron da\u00f1os menores en el tractor donde se origin\u00f3 el fuego.<\/p>\n\n\n\n<p>Fuente: Asociaci\u00f3n Bomberos Voluntarios de Arroyito.<\/p>\n","protected":false},"excerpt":{"rendered":"<p>Domingo y lunes, extinguieron incendio en Los Cha\u00f1aritos, que afect\u00f3 m\u00e1s de 260 hect\u00e1reas de monte y campo. Tambi\u00e9n dos&hellip;<\/p>\n","protected":false},"author":3,"featured_media":10532,"comment_status":"closed","ping_status":"open","sticky":false,"template":"","format":"standard","meta":{"footnotes":""},"categories":[900],"tags":[66,67,836,127,128,435,436,572],"class_list":["post-10531","post","type-post","status-publish","format-standard","has-post-thumbnail","hentry","category-noticias","tag-arroyito","tag-arroyito-cordoba","tag-arroyito-online","tag-bomberos-arroyito","tag-bomberos-de-arroyito","tag-incendio","tag-incendio-campos","tag-noticias-de-arroyito-y-zona"],"_links":{"self":[{"href":"https:\/\/arroyitoonline.com.ar\/index.php?rest_route=\/wp\/v2\/posts\/10531","targetHints":{"allow":["GET"]}}],"collection":[{"href":"https:\/\/arroyitoonline.com.ar\/index.php?rest_route=\/wp\/v2\/posts"}],"about":[{"href":"https:\/\/arroyitoonline.com.ar\/index.php?rest_route=\/wp\/v2\/types\/post"}],"author":[{"embeddable":true,"href":"https:\/\/arroyitoonline.com.ar\/index.php?rest_route=\/wp\/v2\/users\/3"}],"replies":[{"embeddable":true,"href":"https:\/\/arroyitoonline.com.ar\/index.php?rest_route=%2Fwp%2Fv2%2Fcomments&post=10531"}],"version-history":[{"count":2,"href":"https:\/\/arroyitoonline.com.ar\/index.php?rest_route=\/wp\/v2\/posts\/10531\/revisions"}],"predecessor-version":[{"id":10534,"href":"https:\/\/arroyitoonline.com.ar\/index.php?rest_route=\/wp\/v2\/posts\/10531\/revisions\/10534"}],"wp:featuredmedia":[{"embeddable":true,"href":"https:\/\/arroyitoonline.com.ar\/index.php?rest_route=\/wp\/v2\/media\/10532"}],"wp:attachment":[{"href":"https:\/\/arroyitoonline.com.ar\/index.php?rest_route=%2Fwp%2Fv2%2Fmedia&parent=10531"}],"wp:term":[{"taxonomy":"category","embeddable":true,"href":"https:\/\/arroyitoonline.com.ar\/index.php?rest_route=%2Fwp%2Fv2%2Fcategories&post=10531"},{"taxonomy":"post_tag","embeddable":true,"href":"https:\/\/arroyitoonline.com.ar\/index.php?rest_route=%2Fwp%2Fv2%2Ftags&post=10531"}],"curies":[{"name":"wp","href":"https:\/\/api.w.org\/{rel}","templated":true}]}}