{"id":10545,"date":"2020-10-21T12:40:32","date_gmt":"2020-10-21T12:40:32","guid":{"rendered":"https:\/\/arroyitoonline.com.ar\/?p=10545"},"modified":"2020-10-30T05:19:49","modified_gmt":"2020-10-30T05:19:49","slug":"covid-19-el-gobierno-municipal-entrego-insumos-a-serem","status":"publish","type":"post","link":"https:\/\/arroyitoonline.com.ar\/?p=10545","title":{"rendered":"Covid-19: el Gobierno Municipal entreg\u00f3 insumos a Serem"},"content":{"rendered":"\n<p style=\"font-size:17px\"><strong>Se trata de trajes Tyvek, utilizados para la atenci\u00f3n de pacientes con covid-19.<\/strong><\/p>\n\n\n\n<p>El pasado 16 de octubre, el intendente Gustavo Benedetti entreg\u00f3 10 trajes Tyvek a la Cl\u00ednica Serem Privado Arroyito. En total, son 17 los trajes protectores entregados, desde que comenz\u00f3 la emergencia sanitaria, los cuales son utilizados para la atenci\u00f3n de pacientes con covid-19.<\/p>\n\n\n\n<div class=\"wp-block-group\"><div class=\"wp-block-group__inner-container is-layout-flow wp-block-group-is-layout-flow\">\n<hr class=\"wp-block-separator is-style-wide\"\/>\n<\/div><\/div>\n\n\n\n<div class=\"wp-block-group\"><div class=\"wp-block-group__inner-container is-layout-flow wp-block-group-is-layout-flow\">\n<div class=\"wp-block-group\"><div class=\"wp-block-group__inner-container is-layout-flow wp-block-group-is-layout-flow\">\n<div class=\"wp-block-group\"><div class=\"wp-block-group__inner-container is-layout-flow wp-block-group-is-layout-flow\">\n<div class=\"wp-block-group has-luminous-vivid-orange-color has-text-color\"><div class=\"wp-block-group__inner-container is-layout-flow wp-block-group-is-layout-flow\">\n<div class=\"wp-block-group\"><div class=\"wp-block-group__inner-container is-layout-flow wp-block-group-is-layout-flow\">\n<figure class=\"wp-block-embed-wordpress aligncenter wp-block-embed is-type-wp-embed is-provider-arroyito-online\" data-amp-noloading=\"true\"><div class=\"wp-block-embed__wrapper\">\nhttps:\/\/arroyitoonline.com.ar\/info-online\/infosalud\/el-medico-luis-rossi-tiene-covid-19-hisoparon-a-pacientes-y-personal-de-serem-y-los-resultados-fueron-negativos\/\n<\/div><figcaption>                                                                               <\/figcaption><\/figure>\n<\/div><\/div>\n<\/div><\/div>\n<\/div><\/div>\n<\/div><\/div>\n<\/div><\/div>\n\n\n\n<hr class=\"wp-block-separator is-style-wide\"\/>\n\n\n\n<p>La entrega de los insumos se realiz\u00f3 en el edificio de la cl\u00ednica privada, con la presencia de su director M\u00e9dico, Lu\u00eds Rossi.<\/p>\n","protected":false},"excerpt":{"rendered":"<p>Se trata de trajes Tyvek, utilizados para la atenci\u00f3n de pacientes con covid-19. El pasado 16 de octubre, el intendente&hellip;<\/p>\n","protected":false},"author":3,"featured_media":10547,"comment_status":"closed","ping_status":"open","sticky":false,"template":"","format":"standard","meta":{"footnotes":""},"categories":[9],"tags":[66,67,836,1108,1152,1102,572,706,1115],"class_list":["post-10545","post","type-post","status-publish","format-standard","has-post-thumbnail","hentry","category-infosalud","tag-arroyito","tag-arroyito-cordoba","tag-arroyito-online","tag-coronavirus","tag-covid-19","tag-gobierno-municipal","tag-noticias-de-arroyito-y-zona","tag-salud","tag-serem-privado"],"_links":{"self":[{"href":"https:\/\/arroyitoonline.com.ar\/index.php?rest_route=\/wp\/v2\/posts\/10545","targetHints":{"allow":["GET"]}}],"collection":[{"href":"https:\/\/arroyitoonline.com.ar\/index.php?rest_route=\/wp\/v2\/posts"}],"about":[{"href":"https:\/\/arroyitoonline.com.ar\/index.php?rest_route=\/wp\/v2\/types\/post"}],"author":[{"embeddable":true,"href":"https:\/\/arroyitoonline.com.ar\/index.php?rest_route=\/wp\/v2\/users\/3"}],"replies":[{"embeddable":true,"href":"https:\/\/arroyitoonline.com.ar\/index.php?rest_route=%2Fwp%2Fv2%2Fcomments&post=10545"}],"version-history":[{"count":13,"href":"https:\/\/arroyitoonline.com.ar\/index.php?rest_route=\/wp\/v2\/posts\/10545\/revisions"}],"predecessor-version":[{"id":10676,"href":"https:\/\/arroyitoonline.com.ar\/index.php?rest_route=\/wp\/v2\/posts\/10545\/revisions\/10676"}],"wp:featuredmedia":[{"embeddable":true,"href":"https:\/\/arroyitoonline.com.ar\/index.php?rest_route=\/wp\/v2\/media\/10547"}],"wp:attachment":[{"href":"https:\/\/arroyitoonline.com.ar\/index.php?rest_route=%2Fwp%2Fv2%2Fmedia&parent=10545"}],"wp:term":[{"taxonomy":"category","embeddable":true,"href":"https:\/\/arroyitoonline.com.ar\/index.php?rest_route=%2Fwp%2Fv2%2Fcategories&post=10545"},{"taxonomy":"post_tag","embeddable":true,"href":"https:\/\/arroyitoonline.com.ar\/index.php?rest_route=%2Fwp%2Fv2%2Ftags&post=10545"}],"curies":[{"name":"wp","href":"https:\/\/api.w.org\/{rel}","templated":true}]}}