{"id":10555,"date":"2020-10-22T02:32:58","date_gmt":"2020-10-22T02:32:58","guid":{"rendered":"https:\/\/arroyitoonline.com.ar\/?p=10555"},"modified":"2020-10-22T12:00:43","modified_gmt":"2020-10-22T12:00:43","slug":"covid-19-en-arroyito-fallecieron-dos-personas-mas-y-suman-377-los-casos-positivos-activos","status":"publish","type":"post","link":"https:\/\/arroyitoonline.com.ar\/?p=10555","title":{"rendered":"Covid-19 en Arroyito: fallecieron dos personas m\u00e1s y suman 377 los casos positivos activos"},"content":{"rendered":"\n<p><strong>Hoy han sido registrados 32 nuevos casos y se recuperaron cinco personas.<\/strong><\/p>\n\n\n\n<p>El Centro de Emergencias (CEA) informa que hoy se lament\u00f3 el fallecimiento de dos hombres de Arroyito con covid-19, que se encontraban internados en el Hospital Iturraspe de San Francisco. Suman siete los decesos, hasta el momento.<\/p>\n\n\n\n<p>Por su parte, a la fecha, Arroyito cuenta con 377 casos positivos de covid-19 activos. Hoy han sido registrados 32 nuevos casos.<\/p>\n\n\n\n<p>Adem\u00e1s, este mi\u00e9rcoles se recuperaron cinco personas, recibiendo el alta m\u00e9dica, las que en total suman 284 pacientes recuperados.<\/p>\n\n\n\n<p>Desde que comenz\u00f3 la emergencia sanitaria se registraron 668 casos en total (sumando los activos, recuperados y decesos).<\/p>\n","protected":false},"excerpt":{"rendered":"<p>Hoy han sido registrados 32 nuevos casos y se recuperaron cinco personas. El Centro de Emergencias (CEA) informa que hoy&hellip;<\/p>\n","protected":false},"author":3,"featured_media":10266,"comment_status":"closed","ping_status":"open","sticky":false,"template":"","format":"standard","meta":{"footnotes":""},"categories":[9],"tags":[66,67,836,1149,1108,1152,1160,572,706],"class_list":["post-10555","post","type-post","status-publish","format-standard","has-post-thumbnail","hentry","category-infosalud","tag-arroyito","tag-arroyito-cordoba","tag-arroyito-online","tag-centro-de-emergencias-de-arroyito","tag-coronavirus","tag-covid-19","tag-hisopados","tag-noticias-de-arroyito-y-zona","tag-salud"],"_links":{"self":[{"href":"https:\/\/arroyitoonline.com.ar\/index.php?rest_route=\/wp\/v2\/posts\/10555","targetHints":{"allow":["GET"]}}],"collection":[{"href":"https:\/\/arroyitoonline.com.ar\/index.php?rest_route=\/wp\/v2\/posts"}],"about":[{"href":"https:\/\/arroyitoonline.com.ar\/index.php?rest_route=\/wp\/v2\/types\/post"}],"author":[{"embeddable":true,"href":"https:\/\/arroyitoonline.com.ar\/index.php?rest_route=\/wp\/v2\/users\/3"}],"replies":[{"embeddable":true,"href":"https:\/\/arroyitoonline.com.ar\/index.php?rest_route=%2Fwp%2Fv2%2Fcomments&post=10555"}],"version-history":[{"count":2,"href":"https:\/\/arroyitoonline.com.ar\/index.php?rest_route=\/wp\/v2\/posts\/10555\/revisions"}],"predecessor-version":[{"id":10568,"href":"https:\/\/arroyitoonline.com.ar\/index.php?rest_route=\/wp\/v2\/posts\/10555\/revisions\/10568"}],"wp:featuredmedia":[{"embeddable":true,"href":"https:\/\/arroyitoonline.com.ar\/index.php?rest_route=\/wp\/v2\/media\/10266"}],"wp:attachment":[{"href":"https:\/\/arroyitoonline.com.ar\/index.php?rest_route=%2Fwp%2Fv2%2Fmedia&parent=10555"}],"wp:term":[{"taxonomy":"category","embeddable":true,"href":"https:\/\/arroyitoonline.com.ar\/index.php?rest_route=%2Fwp%2Fv2%2Fcategories&post=10555"},{"taxonomy":"post_tag","embeddable":true,"href":"https:\/\/arroyitoonline.com.ar\/index.php?rest_route=%2Fwp%2Fv2%2Ftags&post=10555"}],"curies":[{"name":"wp","href":"https:\/\/api.w.org\/{rel}","templated":true}]}}