{"id":10604,"date":"2020-10-26T02:09:27","date_gmt":"2020-10-26T02:09:27","guid":{"rendered":"https:\/\/arroyitoonline.com.ar\/?p=10604"},"modified":"2020-10-26T11:43:45","modified_gmt":"2020-10-26T11:43:45","slug":"ocho-residentes-de-un-geriatrico-local-tienen-covid-19","status":"publish","type":"post","link":"https:\/\/arroyitoonline.com.ar\/?p=10604","title":{"rendered":"Ocho residentes de un geri\u00e1trico local tienen Covid-19"},"content":{"rendered":"\n<p><strong>As\u00ed lo inform\u00f3 su director, el m\u00e9dico Ariel Ovejero, a FM Libre 93.7, quien tambi\u00e9n est\u00e1 cursando la enfermedad.<\/strong><\/p>\n\n\n\n<p>Seg\u00fan publica <strong><em>FM Libre 93.7<\/em><\/strong>, la Residencia para Adultos Mayores Arroyito tiene ocho residentes con covid-19. Incluso su director, el m\u00e9dico Ariel Ovejero, est\u00e1 cursando la enfermedad.<\/p>\n\n\n\n<p><em>\u201cTenemos algunos positivos, nos falta terminar con los hisopados, pero la gran mayor\u00eda&nbsp;de los positivos son asintom\u00e1ticos\u201d<\/em>, asegur\u00f3 el&nbsp;m\u00e9dico en los micr\u00f3fonos de la Libre. Se realizaron 15 hisopados, de los cuales ocho son positivos. En la Residencia de la calle Alem viven 37 ancianos.&nbsp;<\/p>\n\n\n\n<p>Ante la consulta sobre c\u00f3mo se les inform\u00f3 a los familiares de los casos positivos, Ovejero manifest\u00f3 que tienen una relaci\u00f3n de afecto con todos los parientes. Se los notific\u00f3 v\u00eda telef\u00f3nica.<em> \u201cHemos cumplido con todos los protocolos que exige el Ministerio de Salud de C\u00f3rdoba y el CEA. Lamentablemente este virus no respeta nada, no hay protocolo que alcance, se filtra por todos lados\u201d<\/em>, sentenci\u00f3.&nbsp;<\/p>\n\n\n\n<p>El promedio de edades de los contagiados es de 85 a\u00f1os. Ante el diagn\u00f3stico positivo, lo primero que hicieron fue aislarlos. Los hisopados negativos tambi\u00e9n est\u00e1n aislados en otro sector. <em>\u201cHay personal exclusivamente por turno con todas las medidas para que no se contagien\u201d<\/em>, finaliz\u00f3.<\/p>\n\n\n\n<p>Fuente: FM Libre 93.7.<\/p>\n","protected":false},"excerpt":{"rendered":"<p>As\u00ed lo inform\u00f3 su director, el m\u00e9dico Ariel Ovejero, a FM Libre 93.7, quien tambi\u00e9n est\u00e1 cursando la enfermedad. Seg\u00fan&hellip;<\/p>\n","protected":false},"author":3,"featured_media":10605,"comment_status":"closed","ping_status":"open","sticky":false,"template":"","format":"standard","meta":{"footnotes":""},"categories":[9],"tags":[33,1120,66,67,836,1108,1152,1160,572,706],"class_list":["post-10604","post","type-post","status-publish","format-standard","has-post-thumbnail","hentry","category-infosalud","tag-adultos-mayores","tag-aislamiento","tag-arroyito","tag-arroyito-cordoba","tag-arroyito-online","tag-coronavirus","tag-covid-19","tag-hisopados","tag-noticias-de-arroyito-y-zona","tag-salud"],"_links":{"self":[{"href":"https:\/\/arroyitoonline.com.ar\/index.php?rest_route=\/wp\/v2\/posts\/10604","targetHints":{"allow":["GET"]}}],"collection":[{"href":"https:\/\/arroyitoonline.com.ar\/index.php?rest_route=\/wp\/v2\/posts"}],"about":[{"href":"https:\/\/arroyitoonline.com.ar\/index.php?rest_route=\/wp\/v2\/types\/post"}],"author":[{"embeddable":true,"href":"https:\/\/arroyitoonline.com.ar\/index.php?rest_route=\/wp\/v2\/users\/3"}],"replies":[{"embeddable":true,"href":"https:\/\/arroyitoonline.com.ar\/index.php?rest_route=%2Fwp%2Fv2%2Fcomments&post=10604"}],"version-history":[{"count":2,"href":"https:\/\/arroyitoonline.com.ar\/index.php?rest_route=\/wp\/v2\/posts\/10604\/revisions"}],"predecessor-version":[{"id":10610,"href":"https:\/\/arroyitoonline.com.ar\/index.php?rest_route=\/wp\/v2\/posts\/10604\/revisions\/10610"}],"wp:featuredmedia":[{"embeddable":true,"href":"https:\/\/arroyitoonline.com.ar\/index.php?rest_route=\/wp\/v2\/media\/10605"}],"wp:attachment":[{"href":"https:\/\/arroyitoonline.com.ar\/index.php?rest_route=%2Fwp%2Fv2%2Fmedia&parent=10604"}],"wp:term":[{"taxonomy":"category","embeddable":true,"href":"https:\/\/arroyitoonline.com.ar\/index.php?rest_route=%2Fwp%2Fv2%2Fcategories&post=10604"},{"taxonomy":"post_tag","embeddable":true,"href":"https:\/\/arroyitoonline.com.ar\/index.php?rest_route=%2Fwp%2Fv2%2Ftags&post=10604"}],"curies":[{"name":"wp","href":"https:\/\/api.w.org\/{rel}","templated":true}]}}