{"id":10611,"date":"2020-10-26T14:11:10","date_gmt":"2020-10-26T14:11:10","guid":{"rendered":"https:\/\/arroyitoonline.com.ar\/?p=10611"},"modified":"2020-10-26T14:11:13","modified_gmt":"2020-10-26T14:11:13","slug":"los-rubros-permitidos-podran-abrir-hasta-las-300-am-los-fines-de-semanas","status":"publish","type":"post","link":"https:\/\/arroyitoonline.com.ar\/?p=10611","title":{"rendered":"Los rubros permitidos podr\u00e1n abrir hasta las 3:00 AM, los fines de semanas"},"content":{"rendered":"\n<p><strong>La nueva Etapa de Compromiso Social y Comunitario entra en vigencia esta medianoche. Adem\u00e1s, de lunes a mi\u00e9rcoles, deber\u00e1n cerrar a la 1:00.<\/strong><\/p>\n\n\n\n<p>Tras las <a href=\"https:\/\/arroyitoonline.com.ar\/municipales-online\/suspenden-actividades-habilitadas-de-2000-a-600-horas-durante-14-dias\/\" target=\"_blank\" rel=\"noreferrer noopener\">restricciones de horarios a rubros permitidos<\/a>, el<strong>\u00a0Municipio, el Centro Comercial e Industrial, comercios e instituciones culturales y deportivas adherentes, dan inicio a la Etapa de Compromiso Social y Comunitario<\/strong>, desde la fecha, a<strong>\u00a0trav\u00e9s de la firma de un acta acuerdo.<\/strong><\/p>\n\n\n\n<figure class=\"wp-block-image\"><img decoding=\"async\" src=\"https:\/\/www.municipioarroyito.gob.ar\/wp-content\/uploads\/2020\/10\/cc1-2-1024x574.jpeg\" alt=\"\" class=\"wp-image-29860\"\/><\/figure>\n\n\n\n<p>Se acord\u00f3, entre los comerciantes de las actividades y rubros permitidos por el COE, que se da inicio, desde el martes 27 de octubre, a una\u00a0<strong>nueva etapa <\/strong><em><strong>&#8220;que implica una extensi\u00f3n de horarios pero tambi\u00e9n mayor responsabilidad de parte de cada uno&#8221;<\/strong><\/em>, informaron.<\/p>\n\n\n\n<figure class=\"wp-block-image\"><img decoding=\"async\" src=\"https:\/\/www.municipioarroyito.gob.ar\/wp-content\/uploads\/2020\/10\/cci3-1024x769.jpeg\" alt=\"\" class=\"wp-image-29859\"\/><figcaption><em>Bonetto y Solera firman el acta acuerdo<\/em><\/figcaption><\/figure>\n\n\n\n<ol class=\"wp-block-list\"><li><strong>Disminuci\u00f3n de la aglomeraci\u00f3n de personas, garantizando el cumplimiento de los protocolos y las medidas de bioseguridad\u00a0<\/strong>recomendadas.<\/li><li><strong>Garantizaci\u00f3n del funcionamiento de la econom\u00eda local<\/strong>, la igualdad de oportunidades,\u00a0<strong>priorizando el cuidado de la salud de los ciudadanos mediante la aplicaci\u00f3n de\u00a0uso del barbijo, capacidad m\u00e1xima ocupacional, sanitizaci\u00f3n y provisi\u00f3n de insumos de protecci\u00f3n.<\/strong><\/li><li>Promoci\u00f3n de <strong>la utilizaci\u00f3n de espacios al aire libre para la realizaci\u00f3n de sus actividades gastron\u00f3micas, deportivas, religiosas, <\/strong>etc.<\/li><li>Comprometerse de manera solidaria, con los rubros a\u00fan no flexibilizados,<strong>\u00a0para propender a la pronta normalizaci\u00f3n de la actividad puntual que estuviere restringida.<\/strong><\/li><li>A partir de 0:00 hora del d\u00eda 27 de octubre, quedan para todas las actividades autorizadas por el COE provincial, <strong>los horarios de 6:00 a 1:00 horas, los d\u00edas lunes, martes y mi\u00e9rcoles, y, de 6:00 a 3:00 horas, los d\u00edas jueves, viernes, s\u00e1bados y domingos, sin toleranciaz<\/strong>. Esta determinaci\u00f3n queda sujeta a las medidas sanitarias que puedan disponerse desde un \u00f3rgano superior.<\/li><li>Asimismo, los firmantes a<strong>cuerdan que, ante el incumplimiento de las normativas vigentes, tanto municipales como provinciales, ser\u00e1 plausible de clausura preventiva e inmediata por 48 horas<\/strong>, elev\u00e1ndose la respectiva acta al Juzgado Municipal de Faltas a los fines resuelva la sanci\u00f3n definitiva.<\/li><li>Adem\u00e1s,\u00a0<strong>recordaron la vigencia de las ordenanzas Ord. N\u00b0943\/2000 y su modificatoria Ord. N\u00b0 1740\/2016<\/strong>\u00a0referidas a la prohibici\u00f3n de ventas de bebidas alcoh\u00f3licas.<\/li><\/ol>\n\n\n\n<p>El Gobierno Municipal, representado por el Sec. de Gobierno Jos\u00e9 Solera, y el Centro Comercial e Industrial de Arroyito, representado por su presidenta Valeria Bonetto, han firmado lo dispuesto, acompa\u00f1ados de comerciantes locales.<\/p>\n","protected":false},"excerpt":{"rendered":"<p>La nueva Etapa de Compromiso Social y Comunitario entra en vigencia esta medianoche. Adem\u00e1s, de lunes a mi\u00e9rcoles, deber\u00e1n cerrar&hellip;<\/p>\n","protected":false},"author":3,"featured_media":10612,"comment_status":"closed","ping_status":"open","sticky":false,"template":"","format":"standard","meta":{"footnotes":""},"categories":[996],"tags":[66,67,836,168,217,1108,1152,1102,572],"class_list":["post-10611","post","type-post","status-publish","format-standard","has-post-thumbnail","hentry","category-comercio","tag-arroyito","tag-arroyito-cordoba","tag-arroyito-online","tag-centro-comercial","tag-comercio","tag-coronavirus","tag-covid-19","tag-gobierno-municipal","tag-noticias-de-arroyito-y-zona"],"_links":{"self":[{"href":"https:\/\/arroyitoonline.com.ar\/index.php?rest_route=\/wp\/v2\/posts\/10611","targetHints":{"allow":["GET"]}}],"collection":[{"href":"https:\/\/arroyitoonline.com.ar\/index.php?rest_route=\/wp\/v2\/posts"}],"about":[{"href":"https:\/\/arroyitoonline.com.ar\/index.php?rest_route=\/wp\/v2\/types\/post"}],"author":[{"embeddable":true,"href":"https:\/\/arroyitoonline.com.ar\/index.php?rest_route=\/wp\/v2\/users\/3"}],"replies":[{"embeddable":true,"href":"https:\/\/arroyitoonline.com.ar\/index.php?rest_route=%2Fwp%2Fv2%2Fcomments&post=10611"}],"version-history":[{"count":1,"href":"https:\/\/arroyitoonline.com.ar\/index.php?rest_route=\/wp\/v2\/posts\/10611\/revisions"}],"predecessor-version":[{"id":10613,"href":"https:\/\/arroyitoonline.com.ar\/index.php?rest_route=\/wp\/v2\/posts\/10611\/revisions\/10613"}],"wp:featuredmedia":[{"embeddable":true,"href":"https:\/\/arroyitoonline.com.ar\/index.php?rest_route=\/wp\/v2\/media\/10612"}],"wp:attachment":[{"href":"https:\/\/arroyitoonline.com.ar\/index.php?rest_route=%2Fwp%2Fv2%2Fmedia&parent=10611"}],"wp:term":[{"taxonomy":"category","embeddable":true,"href":"https:\/\/arroyitoonline.com.ar\/index.php?rest_route=%2Fwp%2Fv2%2Fcategories&post=10611"},{"taxonomy":"post_tag","embeddable":true,"href":"https:\/\/arroyitoonline.com.ar\/index.php?rest_route=%2Fwp%2Fv2%2Ftags&post=10611"}],"curies":[{"name":"wp","href":"https:\/\/api.w.org\/{rel}","templated":true}]}}