{"id":10614,"date":"2020-10-27T01:53:09","date_gmt":"2020-10-27T01:53:09","guid":{"rendered":"https:\/\/arroyitoonline.com.ar\/?p=10614"},"modified":"2020-10-27T03:21:48","modified_gmt":"2020-10-27T03:21:48","slug":"covid-19-en-arroyito-fallecio-un-hombre-de-65-anos","status":"publish","type":"post","link":"https:\/\/arroyitoonline.com.ar\/?p=10614","title":{"rendered":"Covid-19 en Arroyito: falleci\u00f3 un hombre de 65 a\u00f1os"},"content":{"rendered":"\n<p><strong>El paciente se encontraba internado en nuestra ciudad. Se trata del deceso n\u00famero 12 vinculado a la pandemia coronavirus.<\/strong><\/p>\n\n\n\n<p>Este lunes se produjo el fallecimiento de otro paciente de Arroyito con covid-19. Se trata de un hombre de 65 a\u00f1os, que permanec\u00eda internado en nuestra ciudad. Hasta el momento, son 12 los decesos en el \u00e1mbito local, vinculados a la pandemia coronavirus.<\/p>\n\n\n\n<p>Por su parte, el Centro de Emergencias (CEA) inform\u00f3 que, a la fecha, Arroyito cuenta con 356 casos positivos de covid-19 activos. Hoy han sido registrados 28 nuevos casos.<\/p>\n\n\n\n<p>Adem\u00e1s, este lunes se recuperaron 37 personas, recibiendo alta m\u00e9dica, las que en total suman 430 pacientes recuperados.<\/p>\n\n\n\n<p>Desde que comenz\u00f3 la emergencia sanitaria se registraron 798 casos en total (sumando los actuales activos, recuperados y decesos).<\/p>\n","protected":false},"excerpt":{"rendered":"<p>El paciente se encontraba internado en nuestra ciudad. Se trata del deceso n\u00famero 12 vinculado a la pandemia coronavirus. Este&hellip;<\/p>\n","protected":false},"author":3,"featured_media":10620,"comment_status":"closed","ping_status":"open","sticky":false,"template":"","format":"standard","meta":{"footnotes":""},"categories":[9],"tags":[1120,66,67,836,1149,1108,1152,1160,572,706],"class_list":["post-10614","post","type-post","status-publish","format-standard","has-post-thumbnail","hentry","category-infosalud","tag-aislamiento","tag-arroyito","tag-arroyito-cordoba","tag-arroyito-online","tag-centro-de-emergencias-de-arroyito","tag-coronavirus","tag-covid-19","tag-hisopados","tag-noticias-de-arroyito-y-zona","tag-salud"],"_links":{"self":[{"href":"https:\/\/arroyitoonline.com.ar\/index.php?rest_route=\/wp\/v2\/posts\/10614","targetHints":{"allow":["GET"]}}],"collection":[{"href":"https:\/\/arroyitoonline.com.ar\/index.php?rest_route=\/wp\/v2\/posts"}],"about":[{"href":"https:\/\/arroyitoonline.com.ar\/index.php?rest_route=\/wp\/v2\/types\/post"}],"author":[{"embeddable":true,"href":"https:\/\/arroyitoonline.com.ar\/index.php?rest_route=\/wp\/v2\/users\/3"}],"replies":[{"embeddable":true,"href":"https:\/\/arroyitoonline.com.ar\/index.php?rest_route=%2Fwp%2Fv2%2Fcomments&post=10614"}],"version-history":[{"count":1,"href":"https:\/\/arroyitoonline.com.ar\/index.php?rest_route=\/wp\/v2\/posts\/10614\/revisions"}],"predecessor-version":[{"id":10616,"href":"https:\/\/arroyitoonline.com.ar\/index.php?rest_route=\/wp\/v2\/posts\/10614\/revisions\/10616"}],"wp:featuredmedia":[{"embeddable":true,"href":"https:\/\/arroyitoonline.com.ar\/index.php?rest_route=\/wp\/v2\/media\/10620"}],"wp:attachment":[{"href":"https:\/\/arroyitoonline.com.ar\/index.php?rest_route=%2Fwp%2Fv2%2Fmedia&parent=10614"}],"wp:term":[{"taxonomy":"category","embeddable":true,"href":"https:\/\/arroyitoonline.com.ar\/index.php?rest_route=%2Fwp%2Fv2%2Fcategories&post=10614"},{"taxonomy":"post_tag","embeddable":true,"href":"https:\/\/arroyitoonline.com.ar\/index.php?rest_route=%2Fwp%2Fv2%2Ftags&post=10614"}],"curies":[{"name":"wp","href":"https:\/\/api.w.org\/{rel}","templated":true}]}}