{"id":10617,"date":"2020-10-27T03:13:14","date_gmt":"2020-10-27T03:13:14","guid":{"rendered":"https:\/\/arroyitoonline.com.ar\/?p=10617"},"modified":"2021-07-02T14:47:07","modified_gmt":"2021-07-02T14:47:07","slug":"joven-de-arroyito-relato-que-un-hombre-se-masturbo-frente-a-su-ventana","status":"publish","type":"post","link":"https:\/\/arroyitoonline.com.ar\/?p=10617","title":{"rendered":"Joven de Arroyito relat\u00f3 que un hombre se masturb\u00f3 frente a su ventana"},"content":{"rendered":"\n<p><strong>La chica cont\u00f3 lo sucedido en su cuenta de la red social Facebook. Explic\u00f3 que su intenci\u00f3n con este post es advertirle a la comunidad.<\/strong><\/p>\n\n\n\n<p>Este lunes, la joven de Arroyito <a href=\"https:\/\/www.facebook.com\/sole.brantner\" target=\"_blank\" rel=\"noreferrer noopener\">Soledad Brantner<\/a> us\u00f3 su cuenta de la red social Facebook para relatar un extra\u00f1o episodio. Cuando lo cont\u00f3, volvi\u00f3 a sentir que el miedo le recorri\u00f3 todo el cuerpo.<\/p>\n\n\n\n<p>Seg\u00fan su propio comentario, a las 6:00 AM del s\u00e1bado, ruidos la despertaron y persistieron:<em> &#8220;me levant\u00e9, me asom\u00e9 por una ventana peque\u00f1a, al no ver nada, me asom\u00e9 por la ventana del comedor. Se apareci\u00f3 un hombre, me abri\u00f3 el vidrio de la ventana (la cual hab\u00eda quedado seguramente mal trabada) y comenz\u00f3 a masturbarse&#8221;<\/em>. Brantner tambi\u00e9n ofreci\u00f3 una breve descripci\u00f3n del sujeto: tez morena, altura media, delgado.<\/p>\n\n\n\n<figure><iframe loading=\"lazy\" src=\"https:\/\/www.facebook.com\/plugins\/post.php?href=https%3A%2F%2Fwww.facebook.com%2Fsole.brantner%2Fposts%2F3891742674188893&amp;width=500\" width=\"500\" height=\"306\"><\/iframe><\/figure>\n\n\n\n<p><em>&#8220;El miedo me invadi\u00f3 y solo atine a alejarme. M\u00e1s de 20 minutos estuve llamando al 101, quer\u00eda que apareciera un m\u00f3vil policial&#8221;<\/em>, expres\u00f3 Soledad y agreg\u00f3 que<em> &#8220;No me di cuenta de llamar a nadie m\u00e1s, ni de filmar o fotografiar la situaci\u00f3n, solo me paralic\u00e9. \u00bfCu\u00e1nto estuvo ah\u00ed? No lo s\u00e9, para mi fue eterno&#8221;<\/em>.<\/p>\n\n\n\n<p>A continuaci\u00f3n, la joven relat\u00f3 que 40 minutos despu\u00e9s lleg\u00f3 un m\u00f3vil policial y le tomaron la declaraci\u00f3n. Por \u00faltimo, explic\u00f3 que su intenci\u00f3n con este post es advertirle a la comunidad: <em>&#8220;pedirles que por favor se cuiden, no abran, est\u00e9n alertas&#8221;<\/em>.<\/p>\n","protected":false},"excerpt":{"rendered":"<p>La chica cont\u00f3 lo sucedido en su cuenta de la red social Facebook. Explic\u00f3 que su intenci\u00f3n con este post&hellip;<\/p>\n","protected":false},"author":3,"featured_media":10618,"comment_status":"closed","ping_status":"open","sticky":false,"template":"","format":"standard","meta":{"footnotes":""},"categories":[824],"tags":[66,67,836,572,637,638,825],"class_list":["post-10617","post","type-post","status-publish","format-standard","has-post-thumbnail","hentry","category-policiales-online","tag-arroyito","tag-arroyito-cordoba","tag-arroyito-online","tag-noticias-de-arroyito-y-zona","tag-policiales","tag-policiales-arroyito","tag-policiales-online"],"_links":{"self":[{"href":"https:\/\/arroyitoonline.com.ar\/index.php?rest_route=\/wp\/v2\/posts\/10617","targetHints":{"allow":["GET"]}}],"collection":[{"href":"https:\/\/arroyitoonline.com.ar\/index.php?rest_route=\/wp\/v2\/posts"}],"about":[{"href":"https:\/\/arroyitoonline.com.ar\/index.php?rest_route=\/wp\/v2\/types\/post"}],"author":[{"embeddable":true,"href":"https:\/\/arroyitoonline.com.ar\/index.php?rest_route=\/wp\/v2\/users\/3"}],"replies":[{"embeddable":true,"href":"https:\/\/arroyitoonline.com.ar\/index.php?rest_route=%2Fwp%2Fv2%2Fcomments&post=10617"}],"version-history":[{"count":2,"href":"https:\/\/arroyitoonline.com.ar\/index.php?rest_route=\/wp\/v2\/posts\/10617\/revisions"}],"predecessor-version":[{"id":10624,"href":"https:\/\/arroyitoonline.com.ar\/index.php?rest_route=\/wp\/v2\/posts\/10617\/revisions\/10624"}],"wp:featuredmedia":[{"embeddable":true,"href":"https:\/\/arroyitoonline.com.ar\/index.php?rest_route=\/wp\/v2\/media\/10618"}],"wp:attachment":[{"href":"https:\/\/arroyitoonline.com.ar\/index.php?rest_route=%2Fwp%2Fv2%2Fmedia&parent=10617"}],"wp:term":[{"taxonomy":"category","embeddable":true,"href":"https:\/\/arroyitoonline.com.ar\/index.php?rest_route=%2Fwp%2Fv2%2Fcategories&post=10617"},{"taxonomy":"post_tag","embeddable":true,"href":"https:\/\/arroyitoonline.com.ar\/index.php?rest_route=%2Fwp%2Fv2%2Ftags&post=10617"}],"curies":[{"name":"wp","href":"https:\/\/api.w.org\/{rel}","templated":true}]}}