{"id":10627,"date":"2020-10-28T01:38:40","date_gmt":"2020-10-28T01:38:40","guid":{"rendered":"https:\/\/arroyitoonline.com.ar\/?p=10627"},"modified":"2020-10-28T01:38:47","modified_gmt":"2020-10-28T01:38:47","slug":"covid-19-en-arroyito-fallecio-una-mujer-de-69-anos","status":"publish","type":"post","link":"https:\/\/arroyitoonline.com.ar\/?p=10627","title":{"rendered":"Covid-19 en Arroyito: falleci\u00f3 una mujer de 69 a\u00f1os"},"content":{"rendered":"\n<p><strong>La se\u00f1ora estaba internada en nuestra ciudad. Totalizan 13 las muertes vinculadas a la pandemia coronavirus, en el \u00e1mbito local.<\/strong><\/p>\n\n\n\n<p>Este martes se produjo el fallecimiento de otro paciente de Arroyito con covid-19. Se trata de una mujer de 69 a\u00f1os, que permanec\u00eda internada en nuestra ciudad. Hasta el momento, son 13 los decesos en el \u00e1mbito local, vinculados a la pandemia coronavirus.<\/p>\n\n\n\n<p>Por su parte, el Centro de Emergencias (CEA) inform\u00f3 que, a la fecha, Arroyito cuenta con 344 casos positivos de covid-19 activos. Hoy han sido registrados 28 nuevos casos.<\/p>\n\n\n\n<p>Adem\u00e1s, este martes se recuperaron 24 personas, recibiendo alta m\u00e9dica, las que en total suman 454 pacientes recuperados.<\/p>\n\n\n\n<p>Desde que comenz\u00f3 la emergencia sanitaria se registraron 811 casos en total (sumando los actuales activos, recuperados y decesos).<\/p>\n","protected":false},"excerpt":{"rendered":"<p>La se\u00f1ora estaba internada en nuestra ciudad. Totalizan 13 las muertes vinculadas a la pandemia coronavirus, en el \u00e1mbito local.&hellip;<\/p>\n","protected":false},"author":3,"featured_media":10620,"comment_status":"closed","ping_status":"open","sticky":false,"template":"","format":"standard","meta":{"footnotes":""},"categories":[9],"tags":[1120,66,67,836,1149,1108,1152,1160,572,706],"class_list":["post-10627","post","type-post","status-publish","format-standard","has-post-thumbnail","hentry","category-infosalud","tag-aislamiento","tag-arroyito","tag-arroyito-cordoba","tag-arroyito-online","tag-centro-de-emergencias-de-arroyito","tag-coronavirus","tag-covid-19","tag-hisopados","tag-noticias-de-arroyito-y-zona","tag-salud"],"_links":{"self":[{"href":"https:\/\/arroyitoonline.com.ar\/index.php?rest_route=\/wp\/v2\/posts\/10627","targetHints":{"allow":["GET"]}}],"collection":[{"href":"https:\/\/arroyitoonline.com.ar\/index.php?rest_route=\/wp\/v2\/posts"}],"about":[{"href":"https:\/\/arroyitoonline.com.ar\/index.php?rest_route=\/wp\/v2\/types\/post"}],"author":[{"embeddable":true,"href":"https:\/\/arroyitoonline.com.ar\/index.php?rest_route=\/wp\/v2\/users\/3"}],"replies":[{"embeddable":true,"href":"https:\/\/arroyitoonline.com.ar\/index.php?rest_route=%2Fwp%2Fv2%2Fcomments&post=10627"}],"version-history":[{"count":1,"href":"https:\/\/arroyitoonline.com.ar\/index.php?rest_route=\/wp\/v2\/posts\/10627\/revisions"}],"predecessor-version":[{"id":10628,"href":"https:\/\/arroyitoonline.com.ar\/index.php?rest_route=\/wp\/v2\/posts\/10627\/revisions\/10628"}],"wp:featuredmedia":[{"embeddable":true,"href":"https:\/\/arroyitoonline.com.ar\/index.php?rest_route=\/wp\/v2\/media\/10620"}],"wp:attachment":[{"href":"https:\/\/arroyitoonline.com.ar\/index.php?rest_route=%2Fwp%2Fv2%2Fmedia&parent=10627"}],"wp:term":[{"taxonomy":"category","embeddable":true,"href":"https:\/\/arroyitoonline.com.ar\/index.php?rest_route=%2Fwp%2Fv2%2Fcategories&post=10627"},{"taxonomy":"post_tag","embeddable":true,"href":"https:\/\/arroyitoonline.com.ar\/index.php?rest_route=%2Fwp%2Fv2%2Ftags&post=10627"}],"curies":[{"name":"wp","href":"https:\/\/api.w.org\/{rel}","templated":true}]}}