{"id":10630,"date":"2020-10-28T13:29:05","date_gmt":"2020-10-28T13:29:05","guid":{"rendered":"https:\/\/arroyitoonline.com.ar\/?p=10630"},"modified":"2020-10-28T13:31:23","modified_gmt":"2020-10-28T13:31:23","slug":"covid-19-fallecio-el-emblematico-comerciante-mito-casalis-a-los-67-anos","status":"publish","type":"post","link":"https:\/\/arroyitoonline.com.ar\/?p=10630","title":{"rendered":"Covid-19: falleci\u00f3 el emblem\u00e1tico comerciante Mito Casalis, a los 67 a\u00f1os"},"content":{"rendered":"\n<p><strong>Ten\u00eda covid-19 y permanec\u00eda internado en un nosocomio de la ciudad de C\u00f3rdoba. Acumulaba 44 a\u00f1os de trayectoria en el rubro pescader\u00eda.<\/strong><\/p>\n\n\n\n<p><strong>Juan Pablo Casalis<\/strong>, conocido por todos como <strong>Mito<\/strong>, falleci\u00f3 en las \u00faltimas horas de ayer, a los 67 a\u00f1os cumplidos el 12 de septiembre pasado. Ten\u00eda covid-19 y permanec\u00eda internado en un nosocomio de la ciudad de C\u00f3rdoba. En los \u00faltimos d\u00edas, la comunidad se hab\u00eda movilizado impulsando cadenas de oraci\u00f3n pidiendo por la recuperaci\u00f3n de su salud. <\/p>\n\n\n\n<p>Sus restos mortales ser\u00e1n trasladados hoy mi\u00e9rcoles 28 de octubre, al Crematorio Virgen de la Merced &#8211; Toledo &#8211; Santa Mar\u00eda &#8211; C\u00f3rdoba. El virus que tanto da\u00f1o nos ha hecho, impedir\u00e1 tambi\u00e9n, darle a Mito la despedida que merece, cuyo nombre ya est\u00e1 escrito en la historia grande de Arroyito. <\/p>\n\n\n\n<figure class=\"wp-block-image size-large\"><img loading=\"lazy\" decoding=\"async\" width=\"1024\" height=\"1024\" src=\"https:\/\/arroyitoonline.com.ar\/wp-content\/uploads\/2020\/10\/JUAN-PABLO-CASALIS.-27-10-2020.-1024x1024.jpg\" alt=\"\" class=\"wp-image-10633\" srcset=\"https:\/\/arroyitoonline.com.ar\/wp-content\/uploads\/2020\/10\/JUAN-PABLO-CASALIS.-27-10-2020.-1024x1024.jpg 1024w, https:\/\/arroyitoonline.com.ar\/wp-content\/uploads\/2020\/10\/JUAN-PABLO-CASALIS.-27-10-2020.-300x300.jpg 300w, https:\/\/arroyitoonline.com.ar\/wp-content\/uploads\/2020\/10\/JUAN-PABLO-CASALIS.-27-10-2020.-150x150.jpg 150w, https:\/\/arroyitoonline.com.ar\/wp-content\/uploads\/2020\/10\/JUAN-PABLO-CASALIS.-27-10-2020.-768x768.jpg 768w, https:\/\/arroyitoonline.com.ar\/wp-content\/uploads\/2020\/10\/JUAN-PABLO-CASALIS.-27-10-2020..jpg 1440w\" sizes=\"auto, (max-width: 1024px) 100vw, 1024px\" \/><\/figure>\n\n\n\n<p><strong>Trayectoria, creatividad y voluntad<\/strong><\/p>\n\n\n\n<p>Mito acumulaba 44 a\u00f1os de trayectoria en el comercio de Arroyito, como titular de pescader\u00eda La Sirena. Empez\u00f3 a trabajar desde muy chico como electricista. En su preadolescencia particip\u00f3 en la iluminaci\u00f3n de la Parroquia Nuestra Se\u00f1ora de la Merced. A lo largo de su vida, con el ingenio que lo caracterizaba, fue protagonista de grandes obras de iluminaci\u00f3n.<\/p>\n\n\n\n<p>Antes de casarse \u2013con su amada Kiti Luque- decidi\u00f3 poner una pescader\u00eda, ya que no hab\u00eda ninguna otra en Arroyito y porque le encantaba pescar y cazar, tradici\u00f3n que le inculc\u00f3 su padre.<\/p>\n\n\n\n<p>El inicio fue en Tr\u00e1nsito y, m\u00e1s tarde, se traslad\u00f3 en Arroyito. \u00c9l mismo iba a pescar pejerrey a la Mar Chiquita, lo despinaba y fileteaba, crueles inviernos no lo deten\u00edan.<\/p>\n\n\n\n<p>Fund\u00f3 la primera planta potabilizadora de agua en Arroyito, que no usa productos qu\u00edmicos sino ozono para la desbacterizaci\u00f3n y, en ese momento, cont\u00f3 con la presencia del gobernador.<\/p>\n\n\n\n<p>Particip\u00f3, desde el comienzo y durante muchos a\u00f1os, en la comisi\u00f3n del Centro Comercial Industrial de Arroyito y lleg\u00f3 a ser presidente por dos mandatos.<\/p>\n\n\n\n<p>Estuvo en la comisi\u00f3n de bomberos voluntarios, del colegio Hermanas Mercedarias y en otras instituciones, divid\u00eda como pod\u00eda su tiempo para poder dar lo mejor de s\u00ed en estas organizaciones.<\/p>\n\n\n\n<p>Padeci\u00f3 c\u00e1ncer de colon, pero no se dio por vencido y, despu\u00e9s de la cirug\u00eda, decidi\u00f3 cambiar por completo su alimentaci\u00f3n porque quer\u00eda sanarse para seguir disfrutando de lo que amaba: su familia, La Sirena, la vida.<\/p>\n\n\n\n<p>Luego de aquel escollo en su salud, incorpor\u00f3 tambi\u00e9n en el \u00e1rea gastron\u00f3mica de La Sirena alimentaci\u00f3n s\u00faper sana a base de vegetales, cereales, semillas y legumbres pensando en el mejoramiento de la calidad de vida de los habitantes de Arroyito, que lo acompa\u00f1aron durante su larga trayectoria comercial.<\/p>\n\n\n\n<p>Agradecemos la informaci\u00f3n a Paola Casalis. <\/p>\n","protected":false},"excerpt":{"rendered":"<p>Ten\u00eda covid-19 y permanec\u00eda internado en un nosocomio de la ciudad de C\u00f3rdoba. Acumulaba 44 a\u00f1os de trayectoria en el&hellip;<\/p>\n","protected":false},"author":3,"featured_media":10631,"comment_status":"closed","ping_status":"open","sticky":false,"template":"","format":"standard","meta":{"footnotes":""},"categories":[900],"tags":[66,67,836,217,1108,1152,548,572],"class_list":["post-10630","post","type-post","status-publish","format-standard","has-post-thumbnail","hentry","category-noticias","tag-arroyito","tag-arroyito-cordoba","tag-arroyito-online","tag-comercio","tag-coronavirus","tag-covid-19","tag-muerte","tag-noticias-de-arroyito-y-zona"],"_links":{"self":[{"href":"https:\/\/arroyitoonline.com.ar\/index.php?rest_route=\/wp\/v2\/posts\/10630","targetHints":{"allow":["GET"]}}],"collection":[{"href":"https:\/\/arroyitoonline.com.ar\/index.php?rest_route=\/wp\/v2\/posts"}],"about":[{"href":"https:\/\/arroyitoonline.com.ar\/index.php?rest_route=\/wp\/v2\/types\/post"}],"author":[{"embeddable":true,"href":"https:\/\/arroyitoonline.com.ar\/index.php?rest_route=\/wp\/v2\/users\/3"}],"replies":[{"embeddable":true,"href":"https:\/\/arroyitoonline.com.ar\/index.php?rest_route=%2Fwp%2Fv2%2Fcomments&post=10630"}],"version-history":[{"count":2,"href":"https:\/\/arroyitoonline.com.ar\/index.php?rest_route=\/wp\/v2\/posts\/10630\/revisions"}],"predecessor-version":[{"id":10634,"href":"https:\/\/arroyitoonline.com.ar\/index.php?rest_route=\/wp\/v2\/posts\/10630\/revisions\/10634"}],"wp:featuredmedia":[{"embeddable":true,"href":"https:\/\/arroyitoonline.com.ar\/index.php?rest_route=\/wp\/v2\/media\/10631"}],"wp:attachment":[{"href":"https:\/\/arroyitoonline.com.ar\/index.php?rest_route=%2Fwp%2Fv2%2Fmedia&parent=10630"}],"wp:term":[{"taxonomy":"category","embeddable":true,"href":"https:\/\/arroyitoonline.com.ar\/index.php?rest_route=%2Fwp%2Fv2%2Fcategories&post=10630"},{"taxonomy":"post_tag","embeddable":true,"href":"https:\/\/arroyitoonline.com.ar\/index.php?rest_route=%2Fwp%2Fv2%2Ftags&post=10630"}],"curies":[{"name":"wp","href":"https:\/\/api.w.org\/{rel}","templated":true}]}}