{"id":10637,"date":"2020-10-29T01:53:22","date_gmt":"2020-10-29T01:53:22","guid":{"rendered":"https:\/\/arroyitoonline.com.ar\/?p=10637"},"modified":"2020-10-29T11:47:14","modified_gmt":"2020-10-29T11:47:14","slug":"covid-19-en-arroyito-hay-334-casos-positivos-activos-y-474-pacientes-recuperados","status":"publish","type":"post","link":"https:\/\/arroyitoonline.com.ar\/?p=10637","title":{"rendered":"Covid-19 en Arroyito: hay 334 casos positivos activos y 474 pacientes recuperados"},"content":{"rendered":"\n<p><strong>El fallecimiento de Mito Casalis (67 a\u00f1os) se transform\u00f3 en la muerte por covid n\u00famero 14 del \u00e1mbito local.  <\/strong><\/p>\n\n\n\n<p>El Centro de Emergencias (CEA) informa que, a la fecha, Arroyito cuenta con 334 casos positivos de covid-19 activos. Hoy han sido registrados 11 nuevos casos.<\/p>\n\n\n\n<p>Adem\u00e1s, este mi\u00e9rcoles se han recuperado 20 personas, recibiendo alta m\u00e9dica, las que en total suman 474 pacientes recuperados.<\/p>\n\n\n\n<p>Por su parte, el fallecimiento de Mito Casalis, a los 67 a\u00f1os, que se encontraba internado en una cl\u00ednica de C\u00f3rdoba, se transform\u00f3 en la muerte por covid n\u00famero 14 del \u00e1mbito local.<\/p>\n\n\n\n<p>Por \u00faltimo, desde que comenz\u00f3 la emergencia sanitaria se registraron 822 casos en total (sumando los actuales activos, recuperados y decesos).<\/p>\n","protected":false},"excerpt":{"rendered":"<p>El fallecimiento de Mito Casalis (67 a\u00f1os) se transform\u00f3 en la muerte por covid n\u00famero 14 del \u00e1mbito local. El&hellip;<\/p>\n","protected":false},"author":3,"featured_media":10620,"comment_status":"closed","ping_status":"open","sticky":false,"template":"","format":"standard","meta":{"footnotes":""},"categories":[9],"tags":[1120,66,67,836,244,1108,1152,1160,548,572,706],"class_list":["post-10637","post","type-post","status-publish","format-standard","has-post-thumbnail","hentry","category-infosalud","tag-aislamiento","tag-arroyito","tag-arroyito-cordoba","tag-arroyito-online","tag-cordoba","tag-coronavirus","tag-covid-19","tag-hisopados","tag-muerte","tag-noticias-de-arroyito-y-zona","tag-salud"],"_links":{"self":[{"href":"https:\/\/arroyitoonline.com.ar\/index.php?rest_route=\/wp\/v2\/posts\/10637","targetHints":{"allow":["GET"]}}],"collection":[{"href":"https:\/\/arroyitoonline.com.ar\/index.php?rest_route=\/wp\/v2\/posts"}],"about":[{"href":"https:\/\/arroyitoonline.com.ar\/index.php?rest_route=\/wp\/v2\/types\/post"}],"author":[{"embeddable":true,"href":"https:\/\/arroyitoonline.com.ar\/index.php?rest_route=\/wp\/v2\/users\/3"}],"replies":[{"embeddable":true,"href":"https:\/\/arroyitoonline.com.ar\/index.php?rest_route=%2Fwp%2Fv2%2Fcomments&post=10637"}],"version-history":[{"count":2,"href":"https:\/\/arroyitoonline.com.ar\/index.php?rest_route=\/wp\/v2\/posts\/10637\/revisions"}],"predecessor-version":[{"id":10649,"href":"https:\/\/arroyitoonline.com.ar\/index.php?rest_route=\/wp\/v2\/posts\/10637\/revisions\/10649"}],"wp:featuredmedia":[{"embeddable":true,"href":"https:\/\/arroyitoonline.com.ar\/index.php?rest_route=\/wp\/v2\/media\/10620"}],"wp:attachment":[{"href":"https:\/\/arroyitoonline.com.ar\/index.php?rest_route=%2Fwp%2Fv2%2Fmedia&parent=10637"}],"wp:term":[{"taxonomy":"category","embeddable":true,"href":"https:\/\/arroyitoonline.com.ar\/index.php?rest_route=%2Fwp%2Fv2%2Fcategories&post=10637"},{"taxonomy":"post_tag","embeddable":true,"href":"https:\/\/arroyitoonline.com.ar\/index.php?rest_route=%2Fwp%2Fv2%2Ftags&post=10637"}],"curies":[{"name":"wp","href":"https:\/\/api.w.org\/{rel}","templated":true}]}}