{"id":10678,"date":"2020-10-30T19:16:55","date_gmt":"2020-10-30T19:16:55","guid":{"rendered":"https:\/\/arroyitoonline.com.ar\/?p=10678"},"modified":"2020-10-30T19:16:58","modified_gmt":"2020-10-30T19:16:58","slug":"el-tiempo-pasa-nos-vamos-poniendo-tecnos","status":"publish","type":"post","link":"https:\/\/arroyitoonline.com.ar\/?p=10678","title":{"rendered":"El tiempo pasa, nos vamos poniendo tecnos"},"content":{"rendered":"\n<p style=\"font-size:17px\"><em>Entrevista a Ramiro Virgini, cantante y guitarrista de The Demodex<\/em><\/p>\n\n\n\n<hr class=\"wp-block-separator is-style-wide\"\/>\n\n\n\n<p>Con un recorrido largu\u00edsimo por los escenarios del under local, l\u00edder, vocalista y guitarrista de Sargento Mola y de la m\u00edtica Karol DC -Ramiro Virgini- est\u00e1 m\u00e1s activo que nunca y hace vibrar nuevamente la escena del rock con su m\u00fasica que no para de renovarse. Hoy, en un contexto de pandemia dif\u00edcil para fecundar cualquier tipo de expresi\u00f3n art\u00edstica, la m\u00fasica de The Demodex -la nueva banda del Rama- se las ingenia para pisar la plataforma virtual y hacerse conocer en la ciudad de Arroyito.<\/p>\n\n\n\n<hr class=\"wp-block-separator\"\/>\n\n\n\n<p><strong>\u201cEl proyecto <em>The Demodex<\/em> nace hace un a\u00f1o, junto con <em>KCT<\/em> (Germ\u00e1n L\u00f3pez). Iba a ser una banda s\u00f3lo de electr\u00f3nica con algunos instrumentos caracter\u00edsticos del rock, pero al terminar la maqueta de los primeros temas nos dimos cuenta que necesit\u00e1bamos sumar una bater\u00eda para darle m\u00e1s fuerza a las canciones. As\u00ed fue que se sum\u00f3 al proyecto Marcos \u201c<em>Pete\u201d<\/em> Ferreyra\u201d<\/strong>, cuenta Ramiro; que en el pasado comparti\u00f3 banda y mucho ruedo con Pete (baterista de la emblem\u00e1tica y ya disuelta banda de heavy metal \u201cIn-sano\u201d que fue telonera de bandas como Rata Blanca, Almafuerte y otras grandes del g\u00e9nero en nuestro pa\u00eds).<\/p>\n\n\n\n<hr class=\"wp-block-separator\"\/>\n\n\n\n<p><em>The Demodex<\/em> con un estilo \u00fanico pero que coquetea con el rock industrial de aquel Marilyn Manson en sus tiempos de <em>Mechanical Animals<\/em>, con armon\u00edas y melod\u00edas c\u00edclicas que hacen acordar a la estadounidense Ministry y con la marca registrada de los versos rapeados de KCT que por momentos te transportan a los 90\u00b4 de la poderosa Rage Against the Machine- ya sac\u00f3 su primer single que tambi\u00e9n cuenta con videoclip, <em>Sed Animal<\/em><strong>.<\/strong><\/p>\n\n\n\n<figure class=\"wp-block-embed-youtube wp-block-embed is-type-video is-provider-youtube wp-embed-aspect-16-9 wp-has-aspect-ratio\"><div class=\"wp-block-embed__wrapper\">\n<div class=\"epyt-video-wrapper\"><iframe loading=\"lazy\"  style=\"display: block; margin: 0px auto;\"  id=\"_ytid_34499\"  width=\"1140\" height=\"641\"  data-origwidth=\"1140\" data-origheight=\"641\" src=\"https:\/\/www.youtube.com\/embed\/mkgYIiWjjjA?enablejsapi=1&#038;autoplay=0&#038;cc_load_policy=1&#038;cc_lang_pref=&#038;iv_load_policy=3&#038;loop=0&#038;rel=1&#038;fs=1&#038;playsinline=0&#038;autohide=2&#038;theme=dark&#038;color=red&#038;controls=1&#038;disablekb=0&#038;\" class=\"__youtube_prefs__  epyt-is-override  no-lazyload\" title=\"YouTube player\"  allow=\"fullscreen; accelerometer; autoplay; clipboard-write; encrypted-media; gyroscope; picture-in-picture; web-share\" referrerpolicy=\"strict-origin-when-cross-origin\" allowfullscreen data-no-lazy=\"1\" data-skipgform_ajax_framebjll=\"\"><\/iframe><\/div>\n<\/div><\/figure>\n\n\n\n<hr class=\"wp-block-separator is-style-wide\"\/>\n\n\n\n<p><strong>La canci\u00f3n fue grabada en La Casona Estudio Bar<\/strong> con la oreja consejera de Pacho Dell Erba y masterizada por el propio Kct L\u00f3pez (voz y teclado de la banda).La filmaci\u00f3n del videoclip, que se realiz\u00f3 en la sala de ensayos que posee este estudio de grabaci\u00f3n, es trabajo y obra de la mano y el ojo de Santiago Sosa. <strong>El proceso de grabaci\u00f3n y filmaci\u00f3n, <\/strong>dice Ramiro<strong>, fue todo autogestionado por la banda con recursos m\u00ednimos y mucha energ\u00eda <\/strong>dando como resultado una obra digna de elogios. Adem\u00e1s de <em>Sed Animal<\/em>, la banda tiene grabadas cuatro canciones m\u00e1s en formato de maqueta que se pueden escuchar en BandCamp entrando al siguiente link: <a href=\"https:\/\/kctproduccione.bandcamp.com\/album\/demodex\">https:\/\/kctproduccione.bandcamp.com\/album\/demodex<\/a><\/p>\n\n\n\n<hr class=\"wp-block-separator is-style-wide\"\/>\n\n\n\n<p>A sus 38 a\u00f1os, los \u00faltimos 20 como referente del rock local, Ramiro piensa que <strong>\u201cla escena del under en los \u00faltimos tiempos machaba bien -con los espacios de promoci\u00f3n y difusi\u00f3n para shows en vivo que estaban generando tanto La Casona como la Uni\u00f3n de M\u00fasicos Independientes de Arroyito (UMIA)- pero se cort\u00f3 con el virus\u201d<\/strong>. La banda est\u00e1 de acuerdo en que la idea del streaming no les gusta \u201c<strong>porque se pierde mucho\u201d<\/strong> (haciendo alusi\u00f3n a la vertiginosidad y magia del show en vivo) y que prefieren<strong> \u201cpromocionar la banda con videoclips hasta que se levante la cuarentena\u201d<\/strong>.Manifestando un deseo latente de la banda por presentar sus canciones en escenarios lo antes posible el cantante confiesa: \u201c<strong>Queremos tocar en vivo y compartir escenario con las dem\u00e1s bandas locales\u201d<\/strong>.<\/p>\n\n\n\n<hr class=\"wp-block-separator is-style-wide\"\/>\n\n\n\n<p>The Demodex es la laguna en la que confluyen con fuerza la energ\u00eda y el descontrol del rock alternativo de los 90 y principios del 2000, el poder e intensidad del newmetal, la extravagancia de los loops con sintetizadores modernos y el flow de rap argentino y nos adelanta que pronto comenzar\u00e1n las grabaciones de segundo videoclip de la banda: <em>Masticar<\/em>.<\/p>\n\n\n\n<hr class=\"wp-block-separator is-style-wide\"\/>\n\n\n\n<p>Este triunvirato poderoso ya est\u00e1 dando que hablar y es una prueba fiel de que el rock en la ciudad de Arroyito est\u00e1 m\u00e1s vivo que nunca, expectante de que termin\u00e9 este impasse pand\u00e9mico para reactivar y habitar nuevamente los espacios de expresi\u00f3n cultural y calmar la sed animal del p\u00fablico local.<\/p>\n\n\n\n<div class=\"wp-block-group is-layout-flow wp-block-group-is-layout-flow\"><div class=\"wp-block-group__inner-container\"><\/div><\/div>\n\n\n\n<p><\/p>\n","protected":false},"excerpt":{"rendered":"<p>Entrevista a Ramiro Virgini, cantante y guitarrista de The Demodex Con un recorrido largu\u00edsimo por los escenarios del under local,&hellip;<\/p>\n","protected":false},"author":3,"featured_media":10679,"comment_status":"closed","ping_status":"open","sticky":false,"template":"","format":"standard","meta":{"footnotes":""},"categories":[2,826],"tags":[1189,66,1182,1152,1183,1186,1187,1180,1188,673,695,1181,1185,781,1184],"class_list":["post-10678","post","type-post","status-publish","format-standard","has-post-thumbnail","hentry","category-cultura-y-espectaculos","category-espectaculos-online","tag-alternativo","tag-arroyito","tag-banda","tag-covid-19","tag-grabacion","tag-marilyn-manson","tag-ministry","tag-musica-2","tag-rage-against-the-machine","tag-rap","tag-rock","tag-tecno","tag-the-demodex","tag-umia","tag-under"],"_links":{"self":[{"href":"https:\/\/arroyitoonline.com.ar\/index.php?rest_route=\/wp\/v2\/posts\/10678","targetHints":{"allow":["GET"]}}],"collection":[{"href":"https:\/\/arroyitoonline.com.ar\/index.php?rest_route=\/wp\/v2\/posts"}],"about":[{"href":"https:\/\/arroyitoonline.com.ar\/index.php?rest_route=\/wp\/v2\/types\/post"}],"author":[{"embeddable":true,"href":"https:\/\/arroyitoonline.com.ar\/index.php?rest_route=\/wp\/v2\/users\/3"}],"replies":[{"embeddable":true,"href":"https:\/\/arroyitoonline.com.ar\/index.php?rest_route=%2Fwp%2Fv2%2Fcomments&post=10678"}],"version-history":[{"count":4,"href":"https:\/\/arroyitoonline.com.ar\/index.php?rest_route=\/wp\/v2\/posts\/10678\/revisions"}],"predecessor-version":[{"id":10683,"href":"https:\/\/arroyitoonline.com.ar\/index.php?rest_route=\/wp\/v2\/posts\/10678\/revisions\/10683"}],"wp:featuredmedia":[{"embeddable":true,"href":"https:\/\/arroyitoonline.com.ar\/index.php?rest_route=\/wp\/v2\/media\/10679"}],"wp:attachment":[{"href":"https:\/\/arroyitoonline.com.ar\/index.php?rest_route=%2Fwp%2Fv2%2Fmedia&parent=10678"}],"wp:term":[{"taxonomy":"category","embeddable":true,"href":"https:\/\/arroyitoonline.com.ar\/index.php?rest_route=%2Fwp%2Fv2%2Fcategories&post=10678"},{"taxonomy":"post_tag","embeddable":true,"href":"https:\/\/arroyitoonline.com.ar\/index.php?rest_route=%2Fwp%2Fv2%2Ftags&post=10678"}],"curies":[{"name":"wp","href":"https:\/\/api.w.org\/{rel}","templated":true}]}}