{"id":10719,"date":"2020-11-02T14:05:23","date_gmt":"2020-11-02T14:05:23","guid":{"rendered":"https:\/\/arroyitoonline.com.ar\/?p=10719"},"modified":"2020-11-02T14:05:26","modified_gmt":"2020-11-02T14:05:26","slug":"los-empleados-municipales-cobraran-un-incremento-salarial-del-5","status":"publish","type":"post","link":"https:\/\/arroyitoonline.com.ar\/?p=10719","title":{"rendered":"Los empleados municipales cobrar\u00e1n un incremento salarial del 5%"},"content":{"rendered":"\n<p><strong>Adem\u00e1s, el intendente propuso la creaci\u00f3n de una mesa de di\u00e1logo sindical que se reunir\u00e1 en noviembre.<\/strong><\/p>\n\n\n\n<p>El intendente Gustavo Benedetti\u00a0<strong>otorg\u00f3, para el mes de octubre, un incremento del 5% a los empleados municipales. Adem\u00e1s, el primer mandatario local propuso la creaci\u00f3n de una mesa de di\u00e1logo sindical que se reunir\u00e1 en noviembre<\/strong>. Ser\u00e1 para el an\u00e1lisis de las acciones a seguir, teniendo en cuenta la dif\u00edcil situaci\u00f3n econ\u00f3mica del pa\u00eds.<\/p>\n\n\n\n<p>Uno de los puntos centrales ser\u00e1 la factible creaci\u00f3n de una partida para el pr\u00f3ximo presupuesto, que har\u00e1 referencia a un adicional por productividad.<\/p>\n\n\n\n<p>En este marco, Benedetti dijo que:<strong> <em>\u201clos sueldos municipales se pagan con aportes de los vecinos y cobrar al d\u00eda es un logro que debemos reconocer antes de reiniciar cualquier conflicto\u201d<\/em><\/strong>.<\/p>\n\n\n\n<p>Tambi\u00e9n, har\u00e1n una revisi\u00f3n de los adicionales que se perciben en la actualidad, considerando que se est\u00e1n abonando los mismos a empleados que no han trabajado durante la pandemia.<\/p>\n\n\n\n<p>Entre otro de los puntos, analizar\u00e1n la incorporaci\u00f3n de cupos para designaciones en planta, derivados de aquellos empleados que pasen a retiro por jubilaci\u00f3n.<\/p>\n","protected":false},"excerpt":{"rendered":"<p>Adem\u00e1s, el intendente propuso la creaci\u00f3n de una mesa de di\u00e1logo sindical que se reunir\u00e1 en noviembre. El intendente Gustavo&hellip;<\/p>\n","protected":false},"author":3,"featured_media":10720,"comment_status":"closed","ping_status":"open","sticky":false,"template":"","format":"standard","meta":{"footnotes":""},"categories":[829,926],"tags":[66,67,836,115,968,454,868,555,556,572,735,981],"class_list":["post-10719","post","type-post","status-publish","format-standard","has-post-thumbnail","hentry","category-municipales-online","category-sindicales","tag-arroyito","tag-arroyito-cordoba","tag-arroyito-online","tag-benedetti","tag-gustavo-benedetti","tag-intendente","tag-municipales-online","tag-municipalidad","tag-municipalidad-de-arroyito","tag-noticias-de-arroyito-y-zona","tag-sindicato","tag-soema"],"_links":{"self":[{"href":"https:\/\/arroyitoonline.com.ar\/index.php?rest_route=\/wp\/v2\/posts\/10719","targetHints":{"allow":["GET"]}}],"collection":[{"href":"https:\/\/arroyitoonline.com.ar\/index.php?rest_route=\/wp\/v2\/posts"}],"about":[{"href":"https:\/\/arroyitoonline.com.ar\/index.php?rest_route=\/wp\/v2\/types\/post"}],"author":[{"embeddable":true,"href":"https:\/\/arroyitoonline.com.ar\/index.php?rest_route=\/wp\/v2\/users\/3"}],"replies":[{"embeddable":true,"href":"https:\/\/arroyitoonline.com.ar\/index.php?rest_route=%2Fwp%2Fv2%2Fcomments&post=10719"}],"version-history":[{"count":1,"href":"https:\/\/arroyitoonline.com.ar\/index.php?rest_route=\/wp\/v2\/posts\/10719\/revisions"}],"predecessor-version":[{"id":10721,"href":"https:\/\/arroyitoonline.com.ar\/index.php?rest_route=\/wp\/v2\/posts\/10719\/revisions\/10721"}],"wp:featuredmedia":[{"embeddable":true,"href":"https:\/\/arroyitoonline.com.ar\/index.php?rest_route=\/wp\/v2\/media\/10720"}],"wp:attachment":[{"href":"https:\/\/arroyitoonline.com.ar\/index.php?rest_route=%2Fwp%2Fv2%2Fmedia&parent=10719"}],"wp:term":[{"taxonomy":"category","embeddable":true,"href":"https:\/\/arroyitoonline.com.ar\/index.php?rest_route=%2Fwp%2Fv2%2Fcategories&post=10719"},{"taxonomy":"post_tag","embeddable":true,"href":"https:\/\/arroyitoonline.com.ar\/index.php?rest_route=%2Fwp%2Fv2%2Ftags&post=10719"}],"curies":[{"name":"wp","href":"https:\/\/api.w.org\/{rel}","templated":true}]}}