{"id":10736,"date":"2020-11-04T12:40:54","date_gmt":"2020-11-04T12:40:54","guid":{"rendered":"https:\/\/arroyitoonline.com.ar\/?p=10736"},"modified":"2020-11-04T12:41:23","modified_gmt":"2020-11-04T12:41:23","slug":"voley-mora-audenino-fue-citada-para-concentrar-con-la-seleccion-nacional-sub-20","status":"publish","type":"post","link":"https:\/\/arroyitoonline.com.ar\/?p=10736","title":{"rendered":"Voley: Mora Audenino fue citada para concentrar con la Selecci\u00f3n Nacional sub 20"},"content":{"rendered":"\n<p><strong>Seg\u00fan cont\u00f3 su mam\u00e1, la concejala Jaquelina Ver\u00f3n, ser\u00e1 desde el 10 hasta el 28 de noviembre pr\u00f3ximos.<\/strong><\/p>\n\n\n\n<p>En agosto pasado, la deportista de Arroyito Mora Audenino (17), jugadora del Club Uni\u00f3n de San Guillermo (Santa Fe), <a href=\"https:\/\/arroyitoonline.com.ar\/info-online\/infodeporte\/mora-audenino-sigue-haciendo-historia-en-el-voley-fue-convocada-a-los-entrenamientos-de-la-seleccion-argentina-sub-20\/\" target=\"_blank\" rel=\"noreferrer noopener\">fue convocada para su participaci\u00f3n en los entrenamientos del plantel de la Selecci\u00f3n Argentina de Voley sub 20<\/a>.<\/p>\n\n\n\n<p>En este marco, <em>&#8220;Queremos compartir con inmensa alegr\u00eda que, despu\u00e9s de tanta espera, lleg\u00f3 la tan anhelada citaci\u00f3n para concentrar con la Selecci\u00f3n Nacional, del 10 al 28 de noviembre&#8221;<\/em>, cont\u00f3 su mam\u00e1, la concejala Jaquelina Ver\u00f3n, a trav\u00e9s de las redes sociales.<\/p>\n\n\n\n<figure><iframe loading=\"lazy\" src=\"https:\/\/www.facebook.com\/plugins\/post.php?href=https%3A%2F%2Fwww.facebook.com%2Fjaqueveron%2Fposts%2F10221500983427077&amp;width=500\" width=\"500\" height=\"726\"><\/iframe><\/figure>\n\n\n\n<p>Y agreg\u00f3 que <em>&#8220;En un a\u00f1o donde apostamos a grandes cambios, y que nada fue como esper\u00e1bamos, llegan estas noticias que nos alientan a seguir creyendo en nuestros sue\u00f1os! \u00a1Estamos felices!&#8221;<\/em>.<\/p>\n\n\n\n<p><em>\u00a1Felicitaciones, Mora!<\/em><\/p>\n","protected":false},"excerpt":{"rendered":"<p>Seg\u00fan cont\u00f3 su mam\u00e1, la concejala Jaquelina Ver\u00f3n, ser\u00e1 desde el 10 hasta el 28 de noviembre pr\u00f3ximos. En agosto&hellip;<\/p>\n","protected":false},"author":3,"featured_media":10737,"comment_status":"closed","ping_status":"open","sticky":false,"template":"","format":"standard","meta":{"footnotes":""},"categories":[3],"tags":[66,67,836,276,277,1162,572,965,814],"class_list":["post-10736","post","type-post","status-publish","format-standard","has-post-thumbnail","hentry","category-infodeporte","tag-arroyito","tag-arroyito-cordoba","tag-arroyito-online","tag-deporte","tag-deportes","tag-mora-audenino","tag-noticias-de-arroyito-y-zona","tag-seleccion-argentina","tag-voley"],"_links":{"self":[{"href":"https:\/\/arroyitoonline.com.ar\/index.php?rest_route=\/wp\/v2\/posts\/10736","targetHints":{"allow":["GET"]}}],"collection":[{"href":"https:\/\/arroyitoonline.com.ar\/index.php?rest_route=\/wp\/v2\/posts"}],"about":[{"href":"https:\/\/arroyitoonline.com.ar\/index.php?rest_route=\/wp\/v2\/types\/post"}],"author":[{"embeddable":true,"href":"https:\/\/arroyitoonline.com.ar\/index.php?rest_route=\/wp\/v2\/users\/3"}],"replies":[{"embeddable":true,"href":"https:\/\/arroyitoonline.com.ar\/index.php?rest_route=%2Fwp%2Fv2%2Fcomments&post=10736"}],"version-history":[{"count":2,"href":"https:\/\/arroyitoonline.com.ar\/index.php?rest_route=\/wp\/v2\/posts\/10736\/revisions"}],"predecessor-version":[{"id":10739,"href":"https:\/\/arroyitoonline.com.ar\/index.php?rest_route=\/wp\/v2\/posts\/10736\/revisions\/10739"}],"wp:featuredmedia":[{"embeddable":true,"href":"https:\/\/arroyitoonline.com.ar\/index.php?rest_route=\/wp\/v2\/media\/10737"}],"wp:attachment":[{"href":"https:\/\/arroyitoonline.com.ar\/index.php?rest_route=%2Fwp%2Fv2%2Fmedia&parent=10736"}],"wp:term":[{"taxonomy":"category","embeddable":true,"href":"https:\/\/arroyitoonline.com.ar\/index.php?rest_route=%2Fwp%2Fv2%2Fcategories&post=10736"},{"taxonomy":"post_tag","embeddable":true,"href":"https:\/\/arroyitoonline.com.ar\/index.php?rest_route=%2Fwp%2Fv2%2Ftags&post=10736"}],"curies":[{"name":"wp","href":"https:\/\/api.w.org\/{rel}","templated":true}]}}