{"id":10782,"date":"2020-11-09T14:49:34","date_gmt":"2020-11-09T14:49:34","guid":{"rendered":"https:\/\/arroyitoonline.com.ar\/?p=10782"},"modified":"2020-11-10T11:44:04","modified_gmt":"2020-11-10T11:44:04","slug":"manejaba-con-17-g-l-de-alcohol-en-sangre-y-la-policia-le-secuestro-el-auto","status":"publish","type":"post","link":"https:\/\/arroyitoonline.com.ar\/?p=10782","title":{"rendered":"Manejaba con 1,7 g\/l de alcohol en sangre y la Polic\u00eda le secuestr\u00f3 el auto"},"content":{"rendered":"\n<p><strong>Los dos ocupantes del Peugeot 307, de 25 y 28 a\u00f1os, fueron positivos en la prueba del alcohol\u00edmetro. <\/strong><\/p>\n\n\n\n<p>El s\u00e1bado a las 11:30 horas, personal policial se encontraba patrullando por calle Jos\u00e9 A. Vocos cuando, en proximidades a Mariano Moreno, visualiz\u00f3 un Peugeot 307 de color azul, con dos masculinos circulando de este a oeste por la avenida y tomando bebidas en una jarra.<\/p>\n\n\n\n<p>Cuando se aproximaba la Polic\u00eda, el veh\u00edculo aceler\u00f3 su marcha logrando interceptarlo en Av. Carlos Pont\u00edn y Crist\u00f3bal Col\u00f3n. A continuaci\u00f3n, el auto fue registrado y sus ocupantes identificados, siendo el conductor un joven de 25 acompa\u00f1ado por otro de 28 a\u00f1os, ambos de esta ciudad.<\/p>\n\n\n\n<p>Luego, se les realiz\u00f3 la prueba de alcohol\u00edmetro. Ambos arrojaron resultados positivos presentando 1,7 g\/l de alcohol en sangre.<\/p>\n\n\n\n<p>Se iniciaron actuaciones sumariales contravencionales por supuesta infracci\u00f3n a los art\u00edculos 105\u00ba (Conducci\u00f3n peligrosa) y 109\u00ba (Conducci\u00f3n en estado de ebriedad o bajo acci\u00f3n de estupefacientes o psicof\u00e1rmaco) del C\u00f3digo de Convivencia Ciudadana, Ley Provincial N\u00b0 10.326.<\/p>\n\n\n\n<p>Por \u00faltimo, la Polic\u00eda secuestr\u00f3 el veh\u00edculo y botellas varias de bebidas alcoh\u00f3licas.<\/p>\n\n\n\n<p>Fuente: informe de la oficial Insp. Soledad Torletto \u2013 Comisar\u00eda Distrito Arroyito.<\/p>\n","protected":false},"excerpt":{"rendered":"<p>Los dos ocupantes del Peugeot 307, de 25 y 28 a\u00f1os, fueron positivos en la prueba del alcohol\u00edmetro. El s\u00e1bado&hellip;<\/p>\n","protected":false},"author":3,"featured_media":9911,"comment_status":"closed","ping_status":"open","sticky":false,"template":"","format":"standard","meta":{"footnotes":""},"categories":[824],"tags":[43,44,66,67,836,209,237,572,635,637,638,825],"class_list":["post-10782","post","type-post","status-publish","format-standard","has-post-thumbnail","hentry","category-policiales-online","tag-alcohol","tag-alcoholemia","tag-arroyito","tag-arroyito-cordoba","tag-arroyito-online","tag-codigo-de-convivencia-ciudadana","tag-control-de-alcoholemia","tag-noticias-de-arroyito-y-zona","tag-policia","tag-policiales","tag-policiales-arroyito","tag-policiales-online"],"_links":{"self":[{"href":"https:\/\/arroyitoonline.com.ar\/index.php?rest_route=\/wp\/v2\/posts\/10782","targetHints":{"allow":["GET"]}}],"collection":[{"href":"https:\/\/arroyitoonline.com.ar\/index.php?rest_route=\/wp\/v2\/posts"}],"about":[{"href":"https:\/\/arroyitoonline.com.ar\/index.php?rest_route=\/wp\/v2\/types\/post"}],"author":[{"embeddable":true,"href":"https:\/\/arroyitoonline.com.ar\/index.php?rest_route=\/wp\/v2\/users\/3"}],"replies":[{"embeddable":true,"href":"https:\/\/arroyitoonline.com.ar\/index.php?rest_route=%2Fwp%2Fv2%2Fcomments&post=10782"}],"version-history":[{"count":2,"href":"https:\/\/arroyitoonline.com.ar\/index.php?rest_route=\/wp\/v2\/posts\/10782\/revisions"}],"predecessor-version":[{"id":10787,"href":"https:\/\/arroyitoonline.com.ar\/index.php?rest_route=\/wp\/v2\/posts\/10782\/revisions\/10787"}],"wp:featuredmedia":[{"embeddable":true,"href":"https:\/\/arroyitoonline.com.ar\/index.php?rest_route=\/wp\/v2\/media\/9911"}],"wp:attachment":[{"href":"https:\/\/arroyitoonline.com.ar\/index.php?rest_route=%2Fwp%2Fv2%2Fmedia&parent=10782"}],"wp:term":[{"taxonomy":"category","embeddable":true,"href":"https:\/\/arroyitoonline.com.ar\/index.php?rest_route=%2Fwp%2Fv2%2Fcategories&post=10782"},{"taxonomy":"post_tag","embeddable":true,"href":"https:\/\/arroyitoonline.com.ar\/index.php?rest_route=%2Fwp%2Fv2%2Ftags&post=10782"}],"curies":[{"name":"wp","href":"https:\/\/api.w.org\/{rel}","templated":true}]}}