{"id":10829,"date":"2020-11-13T12:12:52","date_gmt":"2020-11-13T12:12:52","guid":{"rendered":"https:\/\/arroyitoonline.com.ar\/?p=10829"},"modified":"2020-11-13T12:12:55","modified_gmt":"2020-11-13T12:12:55","slug":"juanjo-ceccon-lanzo-hablame-el-tercer-corte-de-su-segundo-disco","status":"publish","type":"post","link":"https:\/\/arroyitoonline.com.ar\/?p=10829","title":{"rendered":"Juanjo Cecc\u00f3n lanz\u00f3 &#8220;Hablame&#8221;, el tercer corte de su segundo disco"},"content":{"rendered":"\n<p><strong>En contexto de pandemia, el fabricante de hits no para, y llega con otro corte pegadizo producido por Mariano Braun -pianista de Axel- y Nelson Pombal -productor de Charly Garc\u00eda-.<\/strong><\/p>\n\n\n\n<p>Este viernes a la hora cero vio la luz <em>&#8220;Hablame&#8221;<\/em>, el tercer tema de <em>&#8220;Sinfon\u00edas&#8221;<\/em>, segundo disco de Juanjo Cecc\u00f3n. La composici\u00f3n del cantautor local fue grabada entre Rosario, Buenos Aires y Rafaela, y producida por Mariano Braun y Nelson Pombal.<\/p>\n\n\n\n<p><em>&#8220;Gente muy copada, que estuvo laburando con Charly Garc\u00eda, haciendo lo \u00faltimo de Sandro, tambi\u00e9n lo \u00faltimo de Palito Ortega, que est\u00e1 buen\u00edsimo. Est\u00e1n movi\u00e9ndose con esa gente&#8221;<\/em>, manifest\u00f3 Juanjo a <strong>Arroyito Online<\/strong>.<\/p>\n\n\n\n<figure class=\"wp-block-embed-wordpress wp-block-embed is-type-wp-embed is-provider-arroyito-online\"><div class=\"wp-block-embed__wrapper\">\nhttps:\/\/arroyitoonline.com.ar\/info-online\/espectaculos-online\/el-fabricante-de-hits-juanjo-ceccon-estrena-cada-una-de-tus-dudas\/\n<\/div><figcaption><em>&#8220;Cada una de tus dudas&#8221; hab\u00eda sido la carta de presentaci\u00f3n de &#8220;Sinfon\u00edas&#8221;, en octubre del a\u00f1o pasado<\/em><\/figcaption><\/figure>\n\n\n\n<p><em>&#8220;La canci\u00f3n, en cuanto a la letra, est\u00e1 quiz\u00e1 puesta en un contexto de pareja, pero podr\u00eda ser acoplable a cualquier situaci\u00f3n. Habla de hablar cuando haya que hablar, de no esperar m\u00e1s tiempo, de no dejar nada para ma\u00f1ana&#8221;<\/em>, explic\u00f3 Cecc\u00f3n y agreg\u00f3 que<em> &#8220;Si algo nos ha demostrado este a\u00f1o es que en un minuto todo cambia y hay que hablar. La canci\u00f3n podr\u00eda ser tranquilamente, una reflexi\u00f3n sobre esas situaciones&#8221;<\/em>.<\/p>\n\n\n\n<figure class=\"wp-block-embed-youtube wp-block-embed is-type-video is-provider-youtube wp-embed-aspect-16-9 wp-has-aspect-ratio\"><div class=\"wp-block-embed__wrapper\">\n<div class=\"epyt-video-wrapper\"><iframe loading=\"lazy\"  style=\"display: block; margin: 0px auto;\"  id=\"_ytid_20034\"  width=\"1140\" height=\"641\"  data-origwidth=\"1140\" data-origheight=\"641\" src=\"https:\/\/www.youtube.com\/embed\/tYxdnis11Iw?enablejsapi=1&#038;autoplay=0&#038;cc_load_policy=1&#038;cc_lang_pref=&#038;iv_load_policy=3&#038;loop=0&#038;rel=1&#038;fs=1&#038;playsinline=0&#038;autohide=2&#038;theme=dark&#038;color=red&#038;controls=1&#038;disablekb=0&#038;\" class=\"__youtube_prefs__  epyt-is-override  no-lazyload\" title=\"YouTube player\"  allow=\"fullscreen; accelerometer; autoplay; clipboard-write; encrypted-media; gyroscope; picture-in-picture; web-share\" referrerpolicy=\"strict-origin-when-cross-origin\" allowfullscreen data-no-lazy=\"1\" data-skipgform_ajax_framebjll=\"\"><\/iframe><\/div>\n<\/div><figcaption><em>Escuch\u00e1 &#8220;Hablame&#8221;, el tercer corte de &#8220;Sinfon\u00edas&#8221;, el segundo disco de Juanjo<\/em><\/figcaption><\/figure>\n\n\n\n<p>Aunque <em>&#8220;Hablame&#8221;<\/em> es la \u00faltima canci\u00f3n que el <em>&#8220;fabricante de hits&#8221;<\/em> compuso para su segundo disco, ya que la hizo en febrero pasado, le gust\u00f3 tanto que la grab\u00f3. Y si la tuviese que definir <em>&#8220;es como una chacarera brit\u00e1nica -risas-, un jueguito entre el rock y el ritmo de chacarera, es hermosa&#8221;<\/em>, defini\u00f3.<\/p>\n\n\n\n<p>Y dijo que <em>&#8220;Como siempre, sigo el ritmo de las canciones, que uno pueda tocarlas con la guitarra, sin demasiado artefacto, y tambi\u00e9n tocarlas con banda y todos esos artificios, que hacen falta&#8221;<\/em>.<\/p>\n\n\n\n<figure class=\"wp-block-embed-wordpress wp-block-embed is-type-wp-embed is-provider-arroyito-online\"><div class=\"wp-block-embed__wrapper\">\nhttps:\/\/arroyitoonline.com.ar\/info-online\/espectaculos-online\/no-me-lo-haces-facil-lo-nuevo-de-juanjo-ceccon-llego-a-las-plataformas-digitales\/\n<\/div><figcaption><em>Ya en cuarentena, en mayo de este a\u00f1o, llegaba &#8220;No me lo hac\u00e9s f\u00e1cil&#8221; <\/em><\/figcaption><\/figure>\n\n\n\n<p><strong>El videoclip<\/strong><\/p>\n\n\n\n<p>En \u00e9poca de pandemia, Dani Strubia -su excompa\u00f1ero de Qu\u00e9 Te Pasa Squash- dirigi\u00f3, de forma remota, el videoclip desde Comodoro Rivadavia. Fue filmado en la sala de ensayos y -ahora- el estudio de grabaci\u00f3n del propio Cecc\u00f3n, que se hizo de este lugar en tiempos de covid-19, para poder grabar los demos <em>&#8220;m\u00e1s tranquilo&#8221;<\/em>. <\/p>\n\n\n\n<p>Por \u00faltimo, aunque asumi\u00f3 que para \u00e9l fue un a\u00f1o maravilloso rodeado de un gran equipo de trabajo, Juanjo recalc\u00f3 que <em>&#8220;no se puede ser feliz en soledad, porque para todos es un a\u00f1o horrible. Y si no fue un buen a\u00f1o para todos, no tiene sentido que haya sido bueno para uno solo, si uno no puede compartirlo&#8221;<\/em>. <\/p>\n","protected":false},"excerpt":{"rendered":"<p>En contexto de pandemia, el fabricante de hits no para, y llega con otro corte pegadizo producido por Mariano Braun&hellip;<\/p>\n","protected":false},"author":3,"featured_media":10830,"comment_status":"closed","ping_status":"open","sticky":false,"template":"","format":"standard","meta":{"footnotes":""},"categories":[826],"tags":[66,67,836,351,862,472,559,572],"class_list":["post-10829","post","type-post","status-publish","format-standard","has-post-thumbnail","hentry","category-espectaculos-online","tag-arroyito","tag-arroyito-cordoba","tag-arroyito-online","tag-espectaculos","tag-espectaculos-online","tag-juanjo-ceccon","tag-musica","tag-noticias-de-arroyito-y-zona"],"_links":{"self":[{"href":"https:\/\/arroyitoonline.com.ar\/index.php?rest_route=\/wp\/v2\/posts\/10829","targetHints":{"allow":["GET"]}}],"collection":[{"href":"https:\/\/arroyitoonline.com.ar\/index.php?rest_route=\/wp\/v2\/posts"}],"about":[{"href":"https:\/\/arroyitoonline.com.ar\/index.php?rest_route=\/wp\/v2\/types\/post"}],"author":[{"embeddable":true,"href":"https:\/\/arroyitoonline.com.ar\/index.php?rest_route=\/wp\/v2\/users\/3"}],"replies":[{"embeddable":true,"href":"https:\/\/arroyitoonline.com.ar\/index.php?rest_route=%2Fwp%2Fv2%2Fcomments&post=10829"}],"version-history":[{"count":1,"href":"https:\/\/arroyitoonline.com.ar\/index.php?rest_route=\/wp\/v2\/posts\/10829\/revisions"}],"predecessor-version":[{"id":10834,"href":"https:\/\/arroyitoonline.com.ar\/index.php?rest_route=\/wp\/v2\/posts\/10829\/revisions\/10834"}],"wp:featuredmedia":[{"embeddable":true,"href":"https:\/\/arroyitoonline.com.ar\/index.php?rest_route=\/wp\/v2\/media\/10830"}],"wp:attachment":[{"href":"https:\/\/arroyitoonline.com.ar\/index.php?rest_route=%2Fwp%2Fv2%2Fmedia&parent=10829"}],"wp:term":[{"taxonomy":"category","embeddable":true,"href":"https:\/\/arroyitoonline.com.ar\/index.php?rest_route=%2Fwp%2Fv2%2Fcategories&post=10829"},{"taxonomy":"post_tag","embeddable":true,"href":"https:\/\/arroyitoonline.com.ar\/index.php?rest_route=%2Fwp%2Fv2%2Ftags&post=10829"}],"curies":[{"name":"wp","href":"https:\/\/api.w.org\/{rel}","templated":true}]}}