{"id":10850,"date":"2020-11-16T13:02:20","date_gmt":"2020-11-16T13:02:20","guid":{"rendered":"https:\/\/arroyitoonline.com.ar\/?p=10850"},"modified":"2020-11-16T13:07:53","modified_gmt":"2020-11-16T13:07:53","slug":"profundo-pesar-por-la-muerte-del-exboxeador-y-entrenador-manuel-tetilla-almada","status":"publish","type":"post","link":"https:\/\/arroyitoonline.com.ar\/?p=10850","title":{"rendered":"Profundo pesar por la muerte del exboxeador y entrenador Manuel &#8220;Tetilla&#8221; Almada"},"content":{"rendered":"\n<p><strong><em>&#8220;Kid Tetilla&#8221;<\/em> ten\u00eda 68 a\u00f1os y fue rival de importantes boxeadores, entre los que se destaca Sergio V\u00edctor Palma.<\/strong><\/p>\n\n\n\n<p>Este domingo se produjo el fallecimiento de otro paciente de Arroyito con covid-19. Se trata del entrenador y exboxeador <strong>Manuel Antonio Almada<\/strong>, a los 68 a\u00f1os.<\/p>\n\n\n\n<p>Una vez que que se conoci\u00f3 la noticia de la muerte de <em>&#8220;Tetilla&#8221;<\/em>, amigos, alumnos y familiares lo despidieron con pesar, en masivas manifestaciones de cari\u00f1o, a trav\u00e9s de las redes sociales. <\/p>\n\n\n\n<p>Seg\u00fan public\u00f3 la <a href=\"http:\/\/fecorbox.blogspot.com\/2020\/11\/fallecio-el-entrenador-manuel-tetilla.html\" target=\"_blank\" rel=\"noreferrer noopener\">Federaci\u00f3n Cordobesa de Box<\/a>, Almada desarroll\u00f3 su carrera de boxeador profesional con el alias de <em>&#8220;Kid Tetilla&#8221;<\/em>, con el que seguir\u00eda siendo conocido siempre. Fue rival de destacados boxeadores, como Juan Domingo Malv\u00e1rez, Rub\u00e9n Riani, Ram\u00f3n <em>&#8220;Moncho&#8221;<\/em> Dom\u00ednguez y Orlando Lucero (al que le gan\u00f3 dos veces).<\/p>\n\n\n\n<p>Pero, la gran sorpresa la dio en diciembre de 1977 cuando, en Coronel Pringles -provincia de Buenos Aires-, venci\u00f3 por descalificaci\u00f3n al gran Sergio V\u00edctor Palma.<\/p>\n\n\n\n<p><em>&#8220;Tetilla&#8221;<\/em>, se mantuvo toda su vida vinculado al boxeo ya que, luego de su retiro, se dedic\u00f3 a la ense\u00f1anza de este deporte, habiendo mantenido viva la llama de la actividad en nuestra ciudad, formando pupilos que participaban en las distintas competencias.<\/p>\n\n\n\n<p>Entre estos \u00faltimos puede destacarse a quien era el gran orgullo del entrenador, su joven nieto Ezequiel Almada, que integr\u00f3 la Selecci\u00f3n Provincial Cadete y fue medallista de bronce en los Juegos Nacionales <em>&#8220;Evita&#8221;<\/em> 2019 en Mar del Plata.<\/p>\n\n\n\n<p>La Federaci\u00f3n Cordobesa de Box <em>&#8220;y todos los que la componemos o colaboramos con ella, queremos expresar nuestras sentidas condolencias a sus seres queridos, acompa\u00f1\u00e1ndolos en el dolor por esta lamentable p\u00e9rdida&#8221;<\/em>.<\/p>\n\n\n\n<p>Los restos mortales de Manuel Antonio Almada ser\u00e1n trasladados hoy lunes 16, al Crematorio Virgen de la Merced &#8211; Toledo &#8211; Santa Mar\u00eda &#8211; C\u00f3rdoba. <\/p>\n\n\n\n<p>Fuente: Federaci\u00f3n Cordobesa de Box.<\/p>\n","protected":false},"excerpt":{"rendered":"<p>&#8220;Kid Tetilla&#8221; ten\u00eda 68 a\u00f1os y fue rival de importantes boxeadores, entre los que se destaca Sergio V\u00edctor Palma. Este&hellip;<\/p>\n","protected":false},"author":3,"featured_media":10851,"comment_status":"closed","ping_status":"open","sticky":false,"template":"","format":"standard","meta":{"footnotes":""},"categories":[1],"tags":[66,67,836,130,1108,1152,276,277,572],"class_list":["post-10850","post","type-post","status-publish","format-standard","has-post-thumbnail","hentry","category-uncategorized","tag-arroyito","tag-arroyito-cordoba","tag-arroyito-online","tag-boxeo","tag-coronavirus","tag-covid-19","tag-deporte","tag-deportes","tag-noticias-de-arroyito-y-zona"],"_links":{"self":[{"href":"https:\/\/arroyitoonline.com.ar\/index.php?rest_route=\/wp\/v2\/posts\/10850","targetHints":{"allow":["GET"]}}],"collection":[{"href":"https:\/\/arroyitoonline.com.ar\/index.php?rest_route=\/wp\/v2\/posts"}],"about":[{"href":"https:\/\/arroyitoonline.com.ar\/index.php?rest_route=\/wp\/v2\/types\/post"}],"author":[{"embeddable":true,"href":"https:\/\/arroyitoonline.com.ar\/index.php?rest_route=\/wp\/v2\/users\/3"}],"replies":[{"embeddable":true,"href":"https:\/\/arroyitoonline.com.ar\/index.php?rest_route=%2Fwp%2Fv2%2Fcomments&post=10850"}],"version-history":[{"count":2,"href":"https:\/\/arroyitoonline.com.ar\/index.php?rest_route=\/wp\/v2\/posts\/10850\/revisions"}],"predecessor-version":[{"id":10853,"href":"https:\/\/arroyitoonline.com.ar\/index.php?rest_route=\/wp\/v2\/posts\/10850\/revisions\/10853"}],"wp:featuredmedia":[{"embeddable":true,"href":"https:\/\/arroyitoonline.com.ar\/index.php?rest_route=\/wp\/v2\/media\/10851"}],"wp:attachment":[{"href":"https:\/\/arroyitoonline.com.ar\/index.php?rest_route=%2Fwp%2Fv2%2Fmedia&parent=10850"}],"wp:term":[{"taxonomy":"category","embeddable":true,"href":"https:\/\/arroyitoonline.com.ar\/index.php?rest_route=%2Fwp%2Fv2%2Fcategories&post=10850"},{"taxonomy":"post_tag","embeddable":true,"href":"https:\/\/arroyitoonline.com.ar\/index.php?rest_route=%2Fwp%2Fv2%2Ftags&post=10850"}],"curies":[{"name":"wp","href":"https:\/\/api.w.org\/{rel}","templated":true}]}}